{"id":10512,"date":"2018-08-07T13:17:36","date_gmt":"2018-08-07T11:17:36","guid":{"rendered":"http:\/\/ekoporty.szczecin.pl\/?p=10512"},"modified":"2018-08-07T13:17:36","modified_gmt":"2018-08-07T11:17:36","slug":"powakacyjne-otwarcie-galerii-szpargalek-galeria","status":"publish","type":"post","link":"https:\/\/ekoporty.szczecin.pl\/?p=10512","title":{"rendered":"Powakacyjne Otwarcie Galerii Szparga\u0142ek (Galeria)"},"content":{"rendered":"<p><strong>Po miesi\u0119cznej, wakacyjnej przerwie wraca Galeria Szparga\u0142ek, a w niej setki \u201enowych\u201d przedmiot\u00f3w. Na p\u00f3\u0142kach znajduj\u0105cych si\u0119 w Ekoporcie przy ulicy Arko\u0144skiej ustawiane s\u0105 ju\u017c ostatnie \u201epere\u0142ki\u201d. Wszystko ma by\u0107 gotowe na \u015brod\u0119 na godzin\u0119 11. Wtedy galeria otworzy drzwi dla mieszka\u0144c\u00f3w.<\/strong><\/p>\n<p><!--more--><\/p>\n<p>Galeria liczy 3 pomieszczenia. W ka\u017cdym znajduj\u0105 si\u0119 setki przedmiot\u00f3w, kt\u00f3re nie by\u0142y ju\u017c przydatne poprzednim w\u0142a\u015bcicielom. Teraz maj\u0105 szans\u0119 sprawi\u0107 rado\u015b\u0107 komu\u015b innemu. Wszystkie zosta\u0142y wyczyszczone, sprawdzone pod k\u0105tem bezpiecze\u0144stwa oraz sprawno\u015bci. Na sam koniec trafi\u0142y na p\u00f3\u0142ki. Przedmioty s\u0105 wycenione na 25 punkt\u00f3w, gdzie 1 punkt \u2013 1 z\u0142ot\u00f3wce. Przyk\u0142adowo: stare, PRL-owskie krzes\u0142a mo\u017cna \u201edosta\u0107\u201d za 15 czy 25 z\u0142otych za komplet. Zabawki s\u0105 ju\u017c od 1 z\u0142ot\u00f3wki. Narty czy buty narciarskie od 10. S\u0105 tak\u017ce rowery, mn\u00f3stwo obraz\u00f3w i p\u0142yt winylowych.<\/p>\n<p>Przypominamy, \u017ce w galerii nie p\u0142acimy\u00a0 got\u00f3wk\u0105. Aby zabra\u0107 do domu wybran\u0105 rzecz nale\u017cy na miejscu pokaza\u0107 dow\u00f3d wp\u0142aty na sum\u0119 odpowiadaj\u0105c\u0105 liczbie punkt\u00f3w przypisanych do danego przedmiotu. Przelew mo\u017cna te\u017c wykona\u0107 za pomoc\u0105 urz\u0105dzenia mobilnego, b\u0105d\u017a komputera znajduj\u0105cego si\u0119 w Ekoporcie. Honorowane s\u0105 r\u00f3wnie\u017c dokonane wcze\u015bniej przekazy pocztowe. Je\u015bli nasza wp\u0142ata jest wy\u017csza ni\u017c warto\u015b\u0107 wybranego przedmiotu, otrzymamy bon na odpowiedni\u0105 liczb\u0119 punkt\u00f3w, do wykorzystania podczas kolejnych wizyt.<\/p>\n<p><strong>Zapraszamy w \u015brod\u0119 w godzinach 11-18.<\/strong> Przez 10 edycji Szparga\u0142ka uda\u0142o si\u0119 przekaza\u0107 na konta organizacji po\u017cytku publicznego ponad 35 tysi\u0119cy z\u0142otych!<\/p>\n<p>Galeria:<\/p>\n<div id='gallery-1' class='gallery galleryid-10512 gallery-columns-3 gallery-size-thumbnail'><figure class='gallery-item'>\n\t\t\t<div class='gallery-icon portrait'>\n\t\t\t\t<a href='https:\/\/ekoporty.szczecin.pl\/?attachment_id=10539'><img loading=\"lazy\" decoding=\"async\" width=\"150\" height=\"150\" src=\"https:\/\/ekoporty.szczecin.pl\/wp-content\/uploads\/2018\/08\/IMG_0069_800x1200-150x150.jpg\" class=\"attachment-thumbnail size-thumbnail\" alt=\"\" srcset=\"https:\/\/ekoporty.szczecin.pl\/wp-content\/uploads\/2018\/08\/IMG_0069_800x1200-150x150.jpg 150w, https:\/\/ekoporty.szczecin.pl\/wp-content\/uploads\/2018\/08\/IMG_0069_800x1200-60x60.jpg 60w\" sizes=\"auto, (max-width: 150px) 100vw, 150px\" \/><\/a>\n\t\t\t<\/div><\/figure><figure class='gallery-item'>\n\t\t\t<div class='gallery-icon landscape'>\n\t\t\t\t<a href='https:\/\/ekoporty.szczecin.pl\/?attachment_id=10540'><img loading=\"lazy\" decoding=\"async\" width=\"150\" height=\"150\" src=\"https:\/\/ekoporty.szczecin.pl\/wp-content\/uploads\/2018\/08\/IMG_0072_1600x1067-150x150.jpg\" class=\"attachment-thumbnail size-thumbnail\" alt=\"\" srcset=\"https:\/\/ekoporty.szczecin.pl\/wp-content\/uploads\/2018\/08\/IMG_0072_1600x1067-150x150.jpg 150w, https:\/\/ekoporty.szczecin.pl\/wp-content\/uploads\/2018\/08\/IMG_0072_1600x1067-60x60.jpg 60w\" sizes=\"auto, (max-width: 150px) 100vw, 150px\" \/><\/a>\n\t\t\t<\/div><\/figure><figure class='gallery-item'>\n\t\t\t<div class='gallery-icon landscape'>\n\t\t\t\t<a href='https:\/\/ekoporty.szczecin.pl\/?attachment_id=10541'><img loading=\"lazy\" decoding=\"async\" width=\"150\" height=\"150\" src=\"https:\/\/ekoporty.szczecin.pl\/wp-content\/uploads\/2018\/08\/IMG_0075_1600x1067-150x150.jpg\" class=\"attachment-thumbnail size-thumbnail\" alt=\"\" srcset=\"https:\/\/ekoporty.szczecin.pl\/wp-content\/uploads\/2018\/08\/IMG_0075_1600x1067-150x150.jpg 150w, https:\/\/ekoporty.szczecin.pl\/wp-content\/uploads\/2018\/08\/IMG_0075_1600x1067-60x60.jpg 60w\" sizes=\"auto, (max-width: 150px) 100vw, 150px\" \/><\/a>\n\t\t\t<\/div><\/figure><figure class='gallery-item'>\n\t\t\t<div class='gallery-icon landscape'>\n\t\t\t\t<a href='https:\/\/ekoporty.szczecin.pl\/?attachment_id=10542'><img loading=\"lazy\" decoding=\"async\" width=\"150\" height=\"150\" src=\"https:\/\/ekoporty.szczecin.pl\/wp-content\/uploads\/2018\/08\/IMG_0081_1600x1067-150x150.jpg\" class=\"attachment-thumbnail size-thumbnail\" alt=\"\" srcset=\"https:\/\/ekoporty.szczecin.pl\/wp-content\/uploads\/2018\/08\/IMG_0081_1600x1067-150x150.jpg 150w, https:\/\/ekoporty.szczecin.pl\/wp-content\/uploads\/2018\/08\/IMG_0081_1600x1067-60x60.jpg 60w\" sizes=\"auto, (max-width: 150px) 100vw, 150px\" \/><\/a>\n\t\t\t<\/div><\/figure><figure class='gallery-item'>\n\t\t\t<div class='gallery-icon portrait'>\n\t\t\t\t<a href='https:\/\/ekoporty.szczecin.pl\/?attachment_id=10543'><img loading=\"lazy\" decoding=\"async\" width=\"150\" height=\"150\" src=\"https:\/\/ekoporty.szczecin.pl\/wp-content\/uploads\/2018\/08\/IMG_0082_800x1200-150x150.jpg\" class=\"attachment-thumbnail size-thumbnail\" alt=\"\" srcset=\"https:\/\/ekoporty.szczecin.pl\/wp-content\/uploads\/2018\/08\/IMG_0082_800x1200-150x150.jpg 150w, https:\/\/ekoporty.szczecin.pl\/wp-content\/uploads\/2018\/08\/IMG_0082_800x1200-60x60.jpg 60w\" sizes=\"auto, (max-width: 150px) 100vw, 150px\" \/><\/a>\n\t\t\t<\/div><\/figure><figure class='gallery-item'>\n\t\t\t<div class='gallery-icon landscape'>\n\t\t\t\t<a href='https:\/\/ekoporty.szczecin.pl\/?attachment_id=10544'><img loading=\"lazy\" decoding=\"async\" width=\"150\" height=\"150\" src=\"https:\/\/ekoporty.szczecin.pl\/wp-content\/uploads\/2018\/08\/IMG_0083_1600x1067-150x150.jpg\" class=\"attachment-thumbnail size-thumbnail\" alt=\"\" srcset=\"https:\/\/ekoporty.szczecin.pl\/wp-content\/uploads\/2018\/08\/IMG_0083_1600x1067-150x150.jpg 150w, https:\/\/ekoporty.szczecin.pl\/wp-content\/uploads\/2018\/08\/IMG_0083_1600x1067-60x60.jpg 60w\" sizes=\"auto, (max-width: 150px) 100vw, 150px\" \/><\/a>\n\t\t\t<\/div><\/figure><figure class='gallery-item'>\n\t\t\t<div class='gallery-icon portrait'>\n\t\t\t\t<a href='https:\/\/ekoporty.szczecin.pl\/?attachment_id=10545'><img loading=\"lazy\" decoding=\"async\" width=\"150\" height=\"150\" src=\"https:\/\/ekoporty.szczecin.pl\/wp-content\/uploads\/2018\/08\/IMG_0086_800x1200-150x150.jpg\" class=\"attachment-thumbnail size-thumbnail\" alt=\"\" srcset=\"https:\/\/ekoporty.szczecin.pl\/wp-content\/uploads\/2018\/08\/IMG_0086_800x1200-150x150.jpg 150w, https:\/\/ekoporty.szczecin.pl\/wp-content\/uploads\/2018\/08\/IMG_0086_800x1200-60x60.jpg 60w\" sizes=\"auto, (max-width: 150px) 100vw, 150px\" \/><\/a>\n\t\t\t<\/div><\/figure><figure class='gallery-item'>\n\t\t\t<div class='gallery-icon portrait'>\n\t\t\t\t<a href='https:\/\/ekoporty.szczecin.pl\/?attachment_id=10546'><img loading=\"lazy\" decoding=\"async\" width=\"150\" height=\"150\" src=\"https:\/\/ekoporty.szczecin.pl\/wp-content\/uploads\/2018\/08\/IMG_0088_800x1200-150x150.jpg\" class=\"attachment-thumbnail size-thumbnail\" alt=\"\" srcset=\"https:\/\/ekoporty.szczecin.pl\/wp-content\/uploads\/2018\/08\/IMG_0088_800x1200-150x150.jpg 150w, https:\/\/ekoporty.szczecin.pl\/wp-content\/uploads\/2018\/08\/IMG_0088_800x1200-60x60.jpg 60w\" sizes=\"auto, (max-width: 150px) 100vw, 150px\" \/><\/a>\n\t\t\t<\/div><\/figure><figure class='gallery-item'>\n\t\t\t<div class='gallery-icon landscape'>\n\t\t\t\t<a href='https:\/\/ekoporty.szczecin.pl\/?attachment_id=10547'><img loading=\"lazy\" decoding=\"async\" width=\"150\" height=\"150\" src=\"https:\/\/ekoporty.szczecin.pl\/wp-content\/uploads\/2018\/08\/IMG_0095_1600x1067-150x150.jpg\" class=\"attachment-thumbnail size-thumbnail\" alt=\"\" srcset=\"https:\/\/ekoporty.szczecin.pl\/wp-content\/uploads\/2018\/08\/IMG_0095_1600x1067-150x150.jpg 150w, https:\/\/ekoporty.szczecin.pl\/wp-content\/uploads\/2018\/08\/IMG_0095_1600x1067-60x60.jpg 60w\" sizes=\"auto, (max-width: 150px) 100vw, 150px\" \/><\/a>\n\t\t\t<\/div><\/figure><figure class='gallery-item'>\n\t\t\t<div class='gallery-icon portrait'>\n\t\t\t\t<a href='https:\/\/ekoporty.szczecin.pl\/?attachment_id=10548'><img loading=\"lazy\" decoding=\"async\" width=\"150\" height=\"150\" src=\"https:\/\/ekoporty.szczecin.pl\/wp-content\/uploads\/2018\/08\/IMG_0100_800x1200-150x150.jpg\" class=\"attachment-thumbnail size-thumbnail\" alt=\"\" srcset=\"https:\/\/ekoporty.szczecin.pl\/wp-content\/uploads\/2018\/08\/IMG_0100_800x1200-150x150.jpg 150w, https:\/\/ekoporty.szczecin.pl\/wp-content\/uploads\/2018\/08\/IMG_0100_800x1200-60x60.jpg 60w\" sizes=\"auto, (max-width: 150px) 100vw, 150px\" \/><\/a>\n\t\t\t<\/div><\/figure><figure class='gallery-item'>\n\t\t\t<div class='gallery-icon landscape'>\n\t\t\t\t<a href='https:\/\/ekoporty.szczecin.pl\/?attachment_id=10549'><img loading=\"lazy\" decoding=\"async\" width=\"150\" height=\"150\" src=\"https:\/\/ekoporty.szczecin.pl\/wp-content\/uploads\/2018\/08\/IMG_0106_1600x1067-150x150.jpg\" class=\"attachment-thumbnail size-thumbnail\" alt=\"\" srcset=\"https:\/\/ekoporty.szczecin.pl\/wp-content\/uploads\/2018\/08\/IMG_0106_1600x1067-150x150.jpg 150w, https:\/\/ekoporty.szczecin.pl\/wp-content\/uploads\/2018\/08\/IMG_0106_1600x1067-60x60.jpg 60w\" sizes=\"auto, (max-width: 150px) 100vw, 150px\" \/><\/a>\n\t\t\t<\/div><\/figure>\n\t\t<\/div>\n\n","protected":false},"excerpt":{"rendered":"<p>Po miesi\u0119cznej, wakacyjnej przerwie wraca Galeria Szparga\u0142ek, a w niej setki \u201enowych\u201d przedmiot\u00f3w. Na p\u00f3\u0142kach znajduj\u0105cych si\u0119 w Ekoporcie przy ulicy Arko\u0144skiej ustawiane s\u0105 ju\u017c ostatnie \u201epere\u0142ki\u201d. Wszystko ma by\u0107 gotowe na \u015brod\u0119 na godzin\u0119 11. Wtedy galeria otworzy drzwi dla mieszka\u0144c\u00f3w.<\/p>\n","protected":false},"author":7,"featured_media":10538,"comment_status":"closed","ping_status":"closed","sticky":false,"template":"","format":"standard","meta":{"_jetpack_memberships_contains_paid_content":false,"footnotes":"","jetpack_publicize_message":"","jetpack_publicize_feature_enabled":true,"jetpack_social_post_already_shared":false,"jetpack_social_options":{"image_generator_settings":{"template":"highway","default_image_id":0,"font":"","enabled":false},"version":2}},"categories":[1],"tags":[],"class_list":["post-10512","post","type-post","status-publish","format-standard","has-post-thumbnail","hentry","category-bez-kategorii"],"yoast_head":"<!-- This site is optimized with the Yoast SEO plugin v27.5 - https:\/\/yoast.com\/product\/yoast-seo-wordpress\/ -->\n<title>Powakacyjne Otwarcie Galerii Szparga\u0142ek (Galeria) &#171; EKOPORTY SZCZECIN<\/title>\n<meta name=\"robots\" content=\"index, follow, max-snippet:-1, max-image-preview:large, max-video-preview:-1\" \/>\n<link rel=\"canonical\" href=\"https:\/\/ekoporty.szczecin.pl\/?p=10512\" \/>\n<meta property=\"og:locale\" content=\"pl_PL\" \/>\n<meta property=\"og:type\" content=\"article\" \/>\n<meta property=\"og:title\" content=\"Powakacyjne Otwarcie Galerii Szparga\u0142ek (Galeria) &#171; EKOPORTY SZCZECIN\" \/>\n<meta property=\"og:description\" content=\"Po miesi\u0119cznej, wakacyjnej przerwie wraca Galeria Szparga\u0142ek, a w niej setki \u201enowych\u201d przedmiot\u00f3w. Na p\u00f3\u0142kach znajduj\u0105cych si\u0119 w Ekoporcie przy ulicy Arko\u0144skiej ustawiane s\u0105 ju\u017c ostatnie \u201epere\u0142ki\u201d. Wszystko ma by\u0107 gotowe na \u015brod\u0119 na godzin\u0119 11. Wtedy galeria otworzy drzwi dla mieszka\u0144c\u00f3w.\" \/>\n<meta property=\"og:url\" content=\"https:\/\/ekoporty.szczecin.pl\/?p=10512\" \/>\n<meta property=\"og:site_name\" content=\"EKOPORTY SZCZECIN\" \/>\n<meta property=\"article:published_time\" content=\"2018-08-07T11:17:36+00:00\" \/>\n<meta property=\"og:image\" content=\"https:\/\/ekoporty.szczecin.pl\/wp-content\/uploads\/2018\/08\/IMG_0061_1600x1067.jpg\" \/>\n\t<meta property=\"og:image:width\" content=\"1600\" \/>\n\t<meta property=\"og:image:height\" content=\"1067\" \/>\n\t<meta property=\"og:image:type\" content=\"image\/jpeg\" \/>\n<meta name=\"author\" content=\"Karol\" \/>\n<meta name=\"twitter:card\" content=\"summary_large_image\" \/>\n<meta name=\"twitter:label1\" content=\"Napisane przez\" \/>\n\t<meta name=\"twitter:data1\" content=\"Karol\" \/>\n\t<meta name=\"twitter:label2\" content=\"Szacowany czas czytania\" \/>\n\t<meta name=\"twitter:data2\" content=\"1 minuta\" \/>\n<script type=\"application\/ld+json\" class=\"yoast-schema-graph\">{\"@context\":\"https:\\\/\\\/schema.org\",\"@graph\":[{\"@type\":\"Article\",\"@id\":\"https:\\\/\\\/ekoporty.szczecin.pl\\\/?p=10512#article\",\"isPartOf\":{\"@id\":\"https:\\\/\\\/ekoporty.szczecin.pl\\\/?p=10512\"},\"author\":{\"name\":\"Karol\",\"@id\":\"https:\\\/\\\/ekoporty.szczecin.pl\\\/#\\\/schema\\\/person\\\/227a44bf75721f95d393ad3bf7aff444\"},\"headline\":\"Powakacyjne Otwarcie Galerii Szparga\u0142ek (Galeria)\",\"datePublished\":\"2018-08-07T11:17:36+00:00\",\"mainEntityOfPage\":{\"@id\":\"https:\\\/\\\/ekoporty.szczecin.pl\\\/?p=10512\"},\"wordCount\":270,\"publisher\":{\"@id\":\"https:\\\/\\\/ekoporty.szczecin.pl\\\/#organization\"},\"image\":{\"@id\":\"https:\\\/\\\/ekoporty.szczecin.pl\\\/?p=10512#primaryimage\"},\"thumbnailUrl\":\"https:\\\/\\\/ekoporty.szczecin.pl\\\/wp-content\\\/uploads\\\/2018\\\/08\\\/IMG_0061_1600x1067.jpg\",\"inLanguage\":\"pl-PL\"},{\"@type\":\"WebPage\",\"@id\":\"https:\\\/\\\/ekoporty.szczecin.pl\\\/?p=10512\",\"url\":\"https:\\\/\\\/ekoporty.szczecin.pl\\\/?p=10512\",\"name\":\"Powakacyjne Otwarcie Galerii Szparga\u0142ek (Galeria) &#171; EKOPORTY SZCZECIN\",\"isPartOf\":{\"@id\":\"https:\\\/\\\/ekoporty.szczecin.pl\\\/#website\"},\"primaryImageOfPage\":{\"@id\":\"https:\\\/\\\/ekoporty.szczecin.pl\\\/?p=10512#primaryimage\"},\"image\":{\"@id\":\"https:\\\/\\\/ekoporty.szczecin.pl\\\/?p=10512#primaryimage\"},\"thumbnailUrl\":\"https:\\\/\\\/ekoporty.szczecin.pl\\\/wp-content\\\/uploads\\\/2018\\\/08\\\/IMG_0061_1600x1067.jpg\",\"datePublished\":\"2018-08-07T11:17:36+00:00\",\"breadcrumb\":{\"@id\":\"https:\\\/\\\/ekoporty.szczecin.pl\\\/?p=10512#breadcrumb\"},\"inLanguage\":\"pl-PL\",\"potentialAction\":[{\"@type\":\"ReadAction\",\"target\":[\"https:\\\/\\\/ekoporty.szczecin.pl\\\/?p=10512\"]}]},{\"@type\":\"ImageObject\",\"inLanguage\":\"pl-PL\",\"@id\":\"https:\\\/\\\/ekoporty.szczecin.pl\\\/?p=10512#primaryimage\",\"url\":\"https:\\\/\\\/ekoporty.szczecin.pl\\\/wp-content\\\/uploads\\\/2018\\\/08\\\/IMG_0061_1600x1067.jpg\",\"contentUrl\":\"https:\\\/\\\/ekoporty.szczecin.pl\\\/wp-content\\\/uploads\\\/2018\\\/08\\\/IMG_0061_1600x1067.jpg\",\"width\":1600,\"height\":1067},{\"@type\":\"BreadcrumbList\",\"@id\":\"https:\\\/\\\/ekoporty.szczecin.pl\\\/?p=10512#breadcrumb\",\"itemListElement\":[{\"@type\":\"ListItem\",\"position\":1,\"name\":\"Strona g\u0142\u00f3wna\",\"item\":\"https:\\\/\\\/ekoporty.szczecin.pl\\\/\"},{\"@type\":\"ListItem\",\"position\":2,\"name\":\"Powakacyjne Otwarcie Galerii Szparga\u0142ek (Galeria)\"}]},{\"@type\":\"WebSite\",\"@id\":\"https:\\\/\\\/ekoporty.szczecin.pl\\\/#website\",\"url\":\"https:\\\/\\\/ekoporty.szczecin.pl\\\/\",\"name\":\"Ekoporty\",\"description\":\"ZUK Szczecin - Punkty Selektywnej Zbi\u00f3rki Odpad\u00f3w Komunalnych - Zapraszamy\",\"publisher\":{\"@id\":\"https:\\\/\\\/ekoporty.szczecin.pl\\\/#organization\"},\"potentialAction\":[{\"@type\":\"SearchAction\",\"target\":{\"@type\":\"EntryPoint\",\"urlTemplate\":\"https:\\\/\\\/ekoporty.szczecin.pl\\\/?s={search_term_string}\"},\"query-input\":{\"@type\":\"PropertyValueSpecification\",\"valueRequired\":true,\"valueName\":\"search_term_string\"}}],\"inLanguage\":\"pl-PL\"},{\"@type\":\"Organization\",\"@id\":\"https:\\\/\\\/ekoporty.szczecin.pl\\\/#organization\",\"name\":\"Zak\u0142ad Us\u0142ug Komunalnych Szczecin\",\"url\":\"https:\\\/\\\/ekoporty.szczecin.pl\\\/\",\"logo\":{\"@type\":\"ImageObject\",\"inLanguage\":\"pl-PL\",\"@id\":\"https:\\\/\\\/ekoporty.szczecin.pl\\\/#\\\/schema\\\/logo\\\/image\\\/\",\"url\":\"http:\\\/\\\/ekoporty.szczecin.pl\\\/wp-content\\\/uploads\\\/2018\\\/03\\\/logo5.jpg\",\"contentUrl\":\"http:\\\/\\\/ekoporty.szczecin.pl\\\/wp-content\\\/uploads\\\/2018\\\/03\\\/logo5.jpg\",\"width\":260,\"height\":66,\"caption\":\"Zak\u0142ad Us\u0142ug Komunalnych Szczecin\"},\"image\":{\"@id\":\"https:\\\/\\\/ekoporty.szczecin.pl\\\/#\\\/schema\\\/logo\\\/image\\\/\"}},{\"@type\":\"Person\",\"@id\":\"https:\\\/\\\/ekoporty.szczecin.pl\\\/#\\\/schema\\\/person\\\/227a44bf75721f95d393ad3bf7aff444\",\"name\":\"Karol\",\"image\":{\"@type\":\"ImageObject\",\"inLanguage\":\"pl-PL\",\"@id\":\"https:\\\/\\\/secure.gravatar.com\\\/avatar\\\/0f5b9c196349a42eed98cb7f5c7749512080f111047352f2ec2579a0183e06e1?s=96&d=mm&r=g\",\"url\":\"https:\\\/\\\/secure.gravatar.com\\\/avatar\\\/0f5b9c196349a42eed98cb7f5c7749512080f111047352f2ec2579a0183e06e1?s=96&d=mm&r=g\",\"contentUrl\":\"https:\\\/\\\/secure.gravatar.com\\\/avatar\\\/0f5b9c196349a42eed98cb7f5c7749512080f111047352f2ec2579a0183e06e1?s=96&d=mm&r=g\",\"caption\":\"Karol\"},\"url\":\"https:\\\/\\\/ekoporty.szczecin.pl\\\/?author=7\"}]}<\/script>\n<!-- \/ Yoast SEO plugin. -->","yoast_head_json":{"title":"Powakacyjne Otwarcie Galerii Szparga\u0142ek (Galeria) &#171; EKOPORTY SZCZECIN","robots":{"index":"index","follow":"follow","max-snippet":"max-snippet:-1","max-image-preview":"max-image-preview:large","max-video-preview":"max-video-preview:-1"},"canonical":"https:\/\/ekoporty.szczecin.pl\/?p=10512","og_locale":"pl_PL","og_type":"article","og_title":"Powakacyjne Otwarcie Galerii Szparga\u0142ek (Galeria) &#171; EKOPORTY SZCZECIN","og_description":"Po miesi\u0119cznej, wakacyjnej przerwie wraca Galeria Szparga\u0142ek, a w niej setki \u201enowych\u201d przedmiot\u00f3w. Na p\u00f3\u0142kach znajduj\u0105cych si\u0119 w Ekoporcie przy ulicy Arko\u0144skiej ustawiane s\u0105 ju\u017c ostatnie \u201epere\u0142ki\u201d. Wszystko ma by\u0107 gotowe na \u015brod\u0119 na godzin\u0119 11. Wtedy galeria otworzy drzwi dla mieszka\u0144c\u00f3w.","og_url":"https:\/\/ekoporty.szczecin.pl\/?p=10512","og_site_name":"EKOPORTY SZCZECIN","article_published_time":"2018-08-07T11:17:36+00:00","og_image":[{"width":1600,"height":1067,"url":"https:\/\/ekoporty.szczecin.pl\/wp-content\/uploads\/2018\/08\/IMG_0061_1600x1067.jpg","type":"image\/jpeg"}],"author":"Karol","twitter_card":"summary_large_image","twitter_misc":{"Napisane przez":"Karol","Szacowany czas czytania":"1 minuta"},"schema":{"@context":"https:\/\/schema.org","@graph":[{"@type":"Article","@id":"https:\/\/ekoporty.szczecin.pl\/?p=10512#article","isPartOf":{"@id":"https:\/\/ekoporty.szczecin.pl\/?p=10512"},"author":{"name":"Karol","@id":"https:\/\/ekoporty.szczecin.pl\/#\/schema\/person\/227a44bf75721f95d393ad3bf7aff444"},"headline":"Powakacyjne Otwarcie Galerii Szparga\u0142ek (Galeria)","datePublished":"2018-08-07T11:17:36+00:00","mainEntityOfPage":{"@id":"https:\/\/ekoporty.szczecin.pl\/?p=10512"},"wordCount":270,"publisher":{"@id":"https:\/\/ekoporty.szczecin.pl\/#organization"},"image":{"@id":"https:\/\/ekoporty.szczecin.pl\/?p=10512#primaryimage"},"thumbnailUrl":"https:\/\/ekoporty.szczecin.pl\/wp-content\/uploads\/2018\/08\/IMG_0061_1600x1067.jpg","inLanguage":"pl-PL"},{"@type":"WebPage","@id":"https:\/\/ekoporty.szczecin.pl\/?p=10512","url":"https:\/\/ekoporty.szczecin.pl\/?p=10512","name":"Powakacyjne Otwarcie Galerii Szparga\u0142ek (Galeria) &#171; EKOPORTY SZCZECIN","isPartOf":{"@id":"https:\/\/ekoporty.szczecin.pl\/#website"},"primaryImageOfPage":{"@id":"https:\/\/ekoporty.szczecin.pl\/?p=10512#primaryimage"},"image":{"@id":"https:\/\/ekoporty.szczecin.pl\/?p=10512#primaryimage"},"thumbnailUrl":"https:\/\/ekoporty.szczecin.pl\/wp-content\/uploads\/2018\/08\/IMG_0061_1600x1067.jpg","datePublished":"2018-08-07T11:17:36+00:00","breadcrumb":{"@id":"https:\/\/ekoporty.szczecin.pl\/?p=10512#breadcrumb"},"inLanguage":"pl-PL","potentialAction":[{"@type":"ReadAction","target":["https:\/\/ekoporty.szczecin.pl\/?p=10512"]}]},{"@type":"ImageObject","inLanguage":"pl-PL","@id":"https:\/\/ekoporty.szczecin.pl\/?p=10512#primaryimage","url":"https:\/\/ekoporty.szczecin.pl\/wp-content\/uploads\/2018\/08\/IMG_0061_1600x1067.jpg","contentUrl":"https:\/\/ekoporty.szczecin.pl\/wp-content\/uploads\/2018\/08\/IMG_0061_1600x1067.jpg","width":1600,"height":1067},{"@type":"BreadcrumbList","@id":"https:\/\/ekoporty.szczecin.pl\/?p=10512#breadcrumb","itemListElement":[{"@type":"ListItem","position":1,"name":"Strona g\u0142\u00f3wna","item":"https:\/\/ekoporty.szczecin.pl\/"},{"@type":"ListItem","position":2,"name":"Powakacyjne Otwarcie Galerii Szparga\u0142ek (Galeria)"}]},{"@type":"WebSite","@id":"https:\/\/ekoporty.szczecin.pl\/#website","url":"https:\/\/ekoporty.szczecin.pl\/","name":"Ekoporty","description":"ZUK Szczecin - Punkty Selektywnej Zbi\u00f3rki Odpad\u00f3w Komunalnych - Zapraszamy","publisher":{"@id":"https:\/\/ekoporty.szczecin.pl\/#organization"},"potentialAction":[{"@type":"SearchAction","target":{"@type":"EntryPoint","urlTemplate":"https:\/\/ekoporty.szczecin.pl\/?s={search_term_string}"},"query-input":{"@type":"PropertyValueSpecification","valueRequired":true,"valueName":"search_term_string"}}],"inLanguage":"pl-PL"},{"@type":"Organization","@id":"https:\/\/ekoporty.szczecin.pl\/#organization","name":"Zak\u0142ad Us\u0142ug Komunalnych Szczecin","url":"https:\/\/ekoporty.szczecin.pl\/","logo":{"@type":"ImageObject","inLanguage":"pl-PL","@id":"https:\/\/ekoporty.szczecin.pl\/#\/schema\/logo\/image\/","url":"http:\/\/ekoporty.szczecin.pl\/wp-content\/uploads\/2018\/03\/logo5.jpg","contentUrl":"http:\/\/ekoporty.szczecin.pl\/wp-content\/uploads\/2018\/03\/logo5.jpg","width":260,"height":66,"caption":"Zak\u0142ad Us\u0142ug Komunalnych Szczecin"},"image":{"@id":"https:\/\/ekoporty.szczecin.pl\/#\/schema\/logo\/image\/"}},{"@type":"Person","@id":"https:\/\/ekoporty.szczecin.pl\/#\/schema\/person\/227a44bf75721f95d393ad3bf7aff444","name":"Karol","image":{"@type":"ImageObject","inLanguage":"pl-PL","@id":"https:\/\/secure.gravatar.com\/avatar\/0f5b9c196349a42eed98cb7f5c7749512080f111047352f2ec2579a0183e06e1?s=96&d=mm&r=g","url":"https:\/\/secure.gravatar.com\/avatar\/0f5b9c196349a42eed98cb7f5c7749512080f111047352f2ec2579a0183e06e1?s=96&d=mm&r=g","contentUrl":"https:\/\/secure.gravatar.com\/avatar\/0f5b9c196349a42eed98cb7f5c7749512080f111047352f2ec2579a0183e06e1?s=96&d=mm&r=g","caption":"Karol"},"url":"https:\/\/ekoporty.szczecin.pl\/?author=7"}]}},"jetpack_publicize_connections":[],"jetpack_featured_media_url":"https:\/\/ekoporty.szczecin.pl\/wp-content\/uploads\/2018\/08\/IMG_0061_1600x1067.jpg","jetpack_sharing_enabled":true,"jetpack_shortlink":"https:\/\/wp.me\/p8ZWwp-2Jy","_links":{"self":[{"href":"https:\/\/ekoporty.szczecin.pl\/index.php?rest_route=\/wp\/v2\/posts\/10512","targetHints":{"allow":["GET"]}}],"collection":[{"href":"https:\/\/ekoporty.szczecin.pl\/index.php?rest_route=\/wp\/v2\/posts"}],"about":[{"href":"https:\/\/ekoporty.szczecin.pl\/index.php?rest_route=\/wp\/v2\/types\/post"}],"author":[{"embeddable":true,"href":"https:\/\/ekoporty.szczecin.pl\/index.php?rest_route=\/wp\/v2\/users\/7"}],"replies":[{"embeddable":true,"href":"https:\/\/ekoporty.szczecin.pl\/index.php?rest_route=%2Fwp%2Fv2%2Fcomments&post=10512"}],"version-history":[{"count":2,"href":"https:\/\/ekoporty.szczecin.pl\/index.php?rest_route=\/wp\/v2\/posts\/10512\/revisions"}],"predecessor-version":[{"id":10551,"href":"https:\/\/ekoporty.szczecin.pl\/index.php?rest_route=\/wp\/v2\/posts\/10512\/revisions\/10551"}],"wp:featuredmedia":[{"embeddable":true,"href":"https:\/\/ekoporty.szczecin.pl\/index.php?rest_route=\/wp\/v2\/media\/10538"}],"wp:attachment":[{"href":"https:\/\/ekoporty.szczecin.pl\/index.php?rest_route=%2Fwp%2Fv2%2Fmedia&parent=10512"}],"wp:term":[{"taxonomy":"category","embeddable":true,"href":"https:\/\/ekoporty.szczecin.pl\/index.php?rest_route=%2Fwp%2Fv2%2Fcategories&post=10512"},{"taxonomy":"post_tag","embeddable":true,"href":"https:\/\/ekoporty.szczecin.pl\/index.php?rest_route=%2Fwp%2Fv2%2Ftags&post=10512"}],"curies":[{"name":"wp","href":"https:\/\/api.w.org\/{rel}","templated":true}]}}