{"id":21123,"date":"2019-05-14T13:33:26","date_gmt":"2019-05-14T11:33:26","guid":{"rendered":"http:\/\/ekoporty.szczecin.pl\/?p=21123"},"modified":"2019-05-14T13:33:26","modified_gmt":"2019-05-14T11:33:26","slug":"zapraszamy-do-galerii-szpargalek","status":"publish","type":"post","link":"https:\/\/ekoporty.szczecin.pl\/?p=21123","title":{"rendered":"Zapraszamy do Galerii Szparga\u0142ek"},"content":{"rendered":"<p style=\"text-align: justify;\"><strong>Po kr\u00f3tkiej przerwie wracamy! \u2013 Galeria Szparga\u0142ek. Przez 27 edycji, uda\u0142o si\u0119 przekaza\u0107 potrzebuj\u0105cym organizacjom blisko 90 tysi\u0119cy z\u0142otych!<\/strong><\/p>\n<p style=\"text-align: justify;\"><!--more--><\/p>\n<p style=\"text-align: justify;\">Na ten dzie\u0144 czeka mn\u00f3stwo szczecinian. Ju\u017c jutro o godzinie 11 w Ekoporcie przy ulicy Arko\u0144skiej ponownie b\u0119dzie mo\u017cna zdoby\u0107 wiele ciekawych przedmiot\u00f3w. Wystarczy przyj\u015b\u0107, wybra\u0107 dowoln\u0105 rzecz, wp\u0142aci\u0107 na konta wsp\u00f3\u0142pracuj\u0105cych z galeri\u0105 organizacji okre\u015blon\u0105 kwot\u0119, i mo\u017cna z wymarzonym \u201efantem\u201d wraca\u0107 do domu.<\/p>\n<p style=\"text-align: justify;\">Przedmioty wycenione s\u0105 symbolicznie, na maksymalnie 25 z\u0142otych. Wa\u017cne jednak jest to, \u017ce po oddaniu ich przez mieszka\u0144c\u00f3w do Ekoportu, s\u0105 sprawdzane przez pracownik\u00f3w galerii pod k\u0105tem sprawno\u015bci oraz bezpiecze\u0144stwa i dostaj\u0105 drugie \u017cycie. Sprawiaj\u0105 mn\u00f3stwo rado\u015bci nowym w\u0142a\u015bcicielom, kt\u00f3rzy symboliczn\u0105 sum\u0105 wspieraj\u0105 od razu stowarzyszenia, fundacje oraz hospicja.<\/p>\n<p style=\"text-align: justify;\">Galeria b\u0119dzie czynna do godziny 18.<\/p>\n","protected":false},"excerpt":{"rendered":"<p>Po kr\u00f3tkiej przerwie wracamy! \u2013 Galeria Szparga\u0142ek. Przez 27 edycji, uda\u0142o si\u0119 przekaza\u0107 potrzebuj\u0105cym organizacjom blisko 90 tysi\u0119cy z\u0142otych!<\/p>\n","protected":false},"author":7,"featured_media":21124,"comment_status":"closed","ping_status":"closed","sticky":false,"template":"","format":"standard","meta":{"_jetpack_memberships_contains_paid_content":false,"footnotes":"","jetpack_publicize_message":"","jetpack_publicize_feature_enabled":true,"jetpack_social_post_already_shared":false,"jetpack_social_options":{"image_generator_settings":{"template":"highway","default_image_id":0,"font":"","enabled":false},"version":2}},"categories":[1],"tags":[],"class_list":["post-21123","post","type-post","status-publish","format-standard","has-post-thumbnail","hentry","category-bez-kategorii"],"yoast_head":"<!-- This site is optimized with the Yoast SEO plugin v27.5 - https:\/\/yoast.com\/product\/yoast-seo-wordpress\/ -->\n<title>Zapraszamy do Galerii Szparga\u0142ek &#171; EKOPORTY SZCZECIN<\/title>\n<meta name=\"robots\" content=\"index, follow, max-snippet:-1, max-image-preview:large, max-video-preview:-1\" \/>\n<link rel=\"canonical\" href=\"https:\/\/ekoporty.szczecin.pl\/?p=21123\" \/>\n<meta property=\"og:locale\" content=\"pl_PL\" \/>\n<meta property=\"og:type\" content=\"article\" \/>\n<meta property=\"og:title\" content=\"Zapraszamy do Galerii Szparga\u0142ek &#171; EKOPORTY SZCZECIN\" \/>\n<meta property=\"og:description\" content=\"Po kr\u00f3tkiej przerwie wracamy! \u2013 Galeria Szparga\u0142ek. Przez 27 edycji, uda\u0142o si\u0119 przekaza\u0107 potrzebuj\u0105cym organizacjom blisko 90 tysi\u0119cy z\u0142otych!\" \/>\n<meta property=\"og:url\" content=\"https:\/\/ekoporty.szczecin.pl\/?p=21123\" \/>\n<meta property=\"og:site_name\" content=\"EKOPORTY SZCZECIN\" \/>\n<meta property=\"article:published_time\" content=\"2019-05-14T11:33:26+00:00\" \/>\n<meta property=\"og:image\" content=\"https:\/\/ekoporty.szczecin.pl\/wp-content\/uploads\/2019\/05\/P1110075_1600x1200-1.jpg\" \/>\n\t<meta property=\"og:image:width\" content=\"1600\" \/>\n\t<meta property=\"og:image:height\" content=\"1200\" \/>\n\t<meta property=\"og:image:type\" content=\"image\/jpeg\" \/>\n<meta name=\"author\" content=\"Karol\" \/>\n<meta name=\"twitter:card\" content=\"summary_large_image\" \/>\n<meta name=\"twitter:label1\" content=\"Napisane przez\" \/>\n\t<meta name=\"twitter:data1\" content=\"Karol\" \/>\n\t<meta name=\"twitter:label2\" content=\"Szacowany czas czytania\" \/>\n\t<meta name=\"twitter:data2\" content=\"1 minuta\" \/>\n<script type=\"application\/ld+json\" class=\"yoast-schema-graph\">{\"@context\":\"https:\\\/\\\/schema.org\",\"@graph\":[{\"@type\":\"Article\",\"@id\":\"https:\\\/\\\/ekoporty.szczecin.pl\\\/?p=21123#article\",\"isPartOf\":{\"@id\":\"https:\\\/\\\/ekoporty.szczecin.pl\\\/?p=21123\"},\"author\":{\"name\":\"Karol\",\"@id\":\"https:\\\/\\\/ekoporty.szczecin.pl\\\/#\\\/schema\\\/person\\\/227a44bf75721f95d393ad3bf7aff444\"},\"headline\":\"Zapraszamy do Galerii Szparga\u0142ek\",\"datePublished\":\"2019-05-14T11:33:26+00:00\",\"mainEntityOfPage\":{\"@id\":\"https:\\\/\\\/ekoporty.szczecin.pl\\\/?p=21123\"},\"wordCount\":148,\"publisher\":{\"@id\":\"https:\\\/\\\/ekoporty.szczecin.pl\\\/#organization\"},\"image\":{\"@id\":\"https:\\\/\\\/ekoporty.szczecin.pl\\\/?p=21123#primaryimage\"},\"thumbnailUrl\":\"https:\\\/\\\/ekoporty.szczecin.pl\\\/wp-content\\\/uploads\\\/2019\\\/05\\\/P1110075_1600x1200-1.jpg\",\"inLanguage\":\"pl-PL\"},{\"@type\":\"WebPage\",\"@id\":\"https:\\\/\\\/ekoporty.szczecin.pl\\\/?p=21123\",\"url\":\"https:\\\/\\\/ekoporty.szczecin.pl\\\/?p=21123\",\"name\":\"Zapraszamy do Galerii Szparga\u0142ek &#171; EKOPORTY SZCZECIN\",\"isPartOf\":{\"@id\":\"https:\\\/\\\/ekoporty.szczecin.pl\\\/#website\"},\"primaryImageOfPage\":{\"@id\":\"https:\\\/\\\/ekoporty.szczecin.pl\\\/?p=21123#primaryimage\"},\"image\":{\"@id\":\"https:\\\/\\\/ekoporty.szczecin.pl\\\/?p=21123#primaryimage\"},\"thumbnailUrl\":\"https:\\\/\\\/ekoporty.szczecin.pl\\\/wp-content\\\/uploads\\\/2019\\\/05\\\/P1110075_1600x1200-1.jpg\",\"datePublished\":\"2019-05-14T11:33:26+00:00\",\"breadcrumb\":{\"@id\":\"https:\\\/\\\/ekoporty.szczecin.pl\\\/?p=21123#breadcrumb\"},\"inLanguage\":\"pl-PL\",\"potentialAction\":[{\"@type\":\"ReadAction\",\"target\":[\"https:\\\/\\\/ekoporty.szczecin.pl\\\/?p=21123\"]}]},{\"@type\":\"ImageObject\",\"inLanguage\":\"pl-PL\",\"@id\":\"https:\\\/\\\/ekoporty.szczecin.pl\\\/?p=21123#primaryimage\",\"url\":\"https:\\\/\\\/ekoporty.szczecin.pl\\\/wp-content\\\/uploads\\\/2019\\\/05\\\/P1110075_1600x1200-1.jpg\",\"contentUrl\":\"https:\\\/\\\/ekoporty.szczecin.pl\\\/wp-content\\\/uploads\\\/2019\\\/05\\\/P1110075_1600x1200-1.jpg\",\"width\":1600,\"height\":1200},{\"@type\":\"BreadcrumbList\",\"@id\":\"https:\\\/\\\/ekoporty.szczecin.pl\\\/?p=21123#breadcrumb\",\"itemListElement\":[{\"@type\":\"ListItem\",\"position\":1,\"name\":\"Strona g\u0142\u00f3wna\",\"item\":\"https:\\\/\\\/ekoporty.szczecin.pl\\\/\"},{\"@type\":\"ListItem\",\"position\":2,\"name\":\"Zapraszamy do Galerii Szparga\u0142ek\"}]},{\"@type\":\"WebSite\",\"@id\":\"https:\\\/\\\/ekoporty.szczecin.pl\\\/#website\",\"url\":\"https:\\\/\\\/ekoporty.szczecin.pl\\\/\",\"name\":\"Ekoporty\",\"description\":\"ZUK Szczecin - Punkty Selektywnej Zbi\u00f3rki Odpad\u00f3w Komunalnych - Zapraszamy\",\"publisher\":{\"@id\":\"https:\\\/\\\/ekoporty.szczecin.pl\\\/#organization\"},\"potentialAction\":[{\"@type\":\"SearchAction\",\"target\":{\"@type\":\"EntryPoint\",\"urlTemplate\":\"https:\\\/\\\/ekoporty.szczecin.pl\\\/?s={search_term_string}\"},\"query-input\":{\"@type\":\"PropertyValueSpecification\",\"valueRequired\":true,\"valueName\":\"search_term_string\"}}],\"inLanguage\":\"pl-PL\"},{\"@type\":\"Organization\",\"@id\":\"https:\\\/\\\/ekoporty.szczecin.pl\\\/#organization\",\"name\":\"Zak\u0142ad Us\u0142ug Komunalnych Szczecin\",\"url\":\"https:\\\/\\\/ekoporty.szczecin.pl\\\/\",\"logo\":{\"@type\":\"ImageObject\",\"inLanguage\":\"pl-PL\",\"@id\":\"https:\\\/\\\/ekoporty.szczecin.pl\\\/#\\\/schema\\\/logo\\\/image\\\/\",\"url\":\"http:\\\/\\\/ekoporty.szczecin.pl\\\/wp-content\\\/uploads\\\/2018\\\/03\\\/logo5.jpg\",\"contentUrl\":\"http:\\\/\\\/ekoporty.szczecin.pl\\\/wp-content\\\/uploads\\\/2018\\\/03\\\/logo5.jpg\",\"width\":260,\"height\":66,\"caption\":\"Zak\u0142ad Us\u0142ug Komunalnych Szczecin\"},\"image\":{\"@id\":\"https:\\\/\\\/ekoporty.szczecin.pl\\\/#\\\/schema\\\/logo\\\/image\\\/\"}},{\"@type\":\"Person\",\"@id\":\"https:\\\/\\\/ekoporty.szczecin.pl\\\/#\\\/schema\\\/person\\\/227a44bf75721f95d393ad3bf7aff444\",\"name\":\"Karol\",\"image\":{\"@type\":\"ImageObject\",\"inLanguage\":\"pl-PL\",\"@id\":\"https:\\\/\\\/secure.gravatar.com\\\/avatar\\\/0f5b9c196349a42eed98cb7f5c7749512080f111047352f2ec2579a0183e06e1?s=96&d=mm&r=g\",\"url\":\"https:\\\/\\\/secure.gravatar.com\\\/avatar\\\/0f5b9c196349a42eed98cb7f5c7749512080f111047352f2ec2579a0183e06e1?s=96&d=mm&r=g\",\"contentUrl\":\"https:\\\/\\\/secure.gravatar.com\\\/avatar\\\/0f5b9c196349a42eed98cb7f5c7749512080f111047352f2ec2579a0183e06e1?s=96&d=mm&r=g\",\"caption\":\"Karol\"},\"url\":\"https:\\\/\\\/ekoporty.szczecin.pl\\\/?author=7\"}]}<\/script>\n<!-- \/ Yoast SEO plugin. -->","yoast_head_json":{"title":"Zapraszamy do Galerii Szparga\u0142ek &#171; EKOPORTY SZCZECIN","robots":{"index":"index","follow":"follow","max-snippet":"max-snippet:-1","max-image-preview":"max-image-preview:large","max-video-preview":"max-video-preview:-1"},"canonical":"https:\/\/ekoporty.szczecin.pl\/?p=21123","og_locale":"pl_PL","og_type":"article","og_title":"Zapraszamy do Galerii Szparga\u0142ek &#171; EKOPORTY SZCZECIN","og_description":"Po kr\u00f3tkiej przerwie wracamy! \u2013 Galeria Szparga\u0142ek. Przez 27 edycji, uda\u0142o si\u0119 przekaza\u0107 potrzebuj\u0105cym organizacjom blisko 90 tysi\u0119cy z\u0142otych!","og_url":"https:\/\/ekoporty.szczecin.pl\/?p=21123","og_site_name":"EKOPORTY SZCZECIN","article_published_time":"2019-05-14T11:33:26+00:00","og_image":[{"width":1600,"height":1200,"url":"https:\/\/ekoporty.szczecin.pl\/wp-content\/uploads\/2019\/05\/P1110075_1600x1200-1.jpg","type":"image\/jpeg"}],"author":"Karol","twitter_card":"summary_large_image","twitter_misc":{"Napisane przez":"Karol","Szacowany czas czytania":"1 minuta"},"schema":{"@context":"https:\/\/schema.org","@graph":[{"@type":"Article","@id":"https:\/\/ekoporty.szczecin.pl\/?p=21123#article","isPartOf":{"@id":"https:\/\/ekoporty.szczecin.pl\/?p=21123"},"author":{"name":"Karol","@id":"https:\/\/ekoporty.szczecin.pl\/#\/schema\/person\/227a44bf75721f95d393ad3bf7aff444"},"headline":"Zapraszamy do Galerii Szparga\u0142ek","datePublished":"2019-05-14T11:33:26+00:00","mainEntityOfPage":{"@id":"https:\/\/ekoporty.szczecin.pl\/?p=21123"},"wordCount":148,"publisher":{"@id":"https:\/\/ekoporty.szczecin.pl\/#organization"},"image":{"@id":"https:\/\/ekoporty.szczecin.pl\/?p=21123#primaryimage"},"thumbnailUrl":"https:\/\/ekoporty.szczecin.pl\/wp-content\/uploads\/2019\/05\/P1110075_1600x1200-1.jpg","inLanguage":"pl-PL"},{"@type":"WebPage","@id":"https:\/\/ekoporty.szczecin.pl\/?p=21123","url":"https:\/\/ekoporty.szczecin.pl\/?p=21123","name":"Zapraszamy do Galerii Szparga\u0142ek &#171; EKOPORTY SZCZECIN","isPartOf":{"@id":"https:\/\/ekoporty.szczecin.pl\/#website"},"primaryImageOfPage":{"@id":"https:\/\/ekoporty.szczecin.pl\/?p=21123#primaryimage"},"image":{"@id":"https:\/\/ekoporty.szczecin.pl\/?p=21123#primaryimage"},"thumbnailUrl":"https:\/\/ekoporty.szczecin.pl\/wp-content\/uploads\/2019\/05\/P1110075_1600x1200-1.jpg","datePublished":"2019-05-14T11:33:26+00:00","breadcrumb":{"@id":"https:\/\/ekoporty.szczecin.pl\/?p=21123#breadcrumb"},"inLanguage":"pl-PL","potentialAction":[{"@type":"ReadAction","target":["https:\/\/ekoporty.szczecin.pl\/?p=21123"]}]},{"@type":"ImageObject","inLanguage":"pl-PL","@id":"https:\/\/ekoporty.szczecin.pl\/?p=21123#primaryimage","url":"https:\/\/ekoporty.szczecin.pl\/wp-content\/uploads\/2019\/05\/P1110075_1600x1200-1.jpg","contentUrl":"https:\/\/ekoporty.szczecin.pl\/wp-content\/uploads\/2019\/05\/P1110075_1600x1200-1.jpg","width":1600,"height":1200},{"@type":"BreadcrumbList","@id":"https:\/\/ekoporty.szczecin.pl\/?p=21123#breadcrumb","itemListElement":[{"@type":"ListItem","position":1,"name":"Strona g\u0142\u00f3wna","item":"https:\/\/ekoporty.szczecin.pl\/"},{"@type":"ListItem","position":2,"name":"Zapraszamy do Galerii Szparga\u0142ek"}]},{"@type":"WebSite","@id":"https:\/\/ekoporty.szczecin.pl\/#website","url":"https:\/\/ekoporty.szczecin.pl\/","name":"Ekoporty","description":"ZUK Szczecin - Punkty Selektywnej Zbi\u00f3rki Odpad\u00f3w Komunalnych - Zapraszamy","publisher":{"@id":"https:\/\/ekoporty.szczecin.pl\/#organization"},"potentialAction":[{"@type":"SearchAction","target":{"@type":"EntryPoint","urlTemplate":"https:\/\/ekoporty.szczecin.pl\/?s={search_term_string}"},"query-input":{"@type":"PropertyValueSpecification","valueRequired":true,"valueName":"search_term_string"}}],"inLanguage":"pl-PL"},{"@type":"Organization","@id":"https:\/\/ekoporty.szczecin.pl\/#organization","name":"Zak\u0142ad Us\u0142ug Komunalnych Szczecin","url":"https:\/\/ekoporty.szczecin.pl\/","logo":{"@type":"ImageObject","inLanguage":"pl-PL","@id":"https:\/\/ekoporty.szczecin.pl\/#\/schema\/logo\/image\/","url":"http:\/\/ekoporty.szczecin.pl\/wp-content\/uploads\/2018\/03\/logo5.jpg","contentUrl":"http:\/\/ekoporty.szczecin.pl\/wp-content\/uploads\/2018\/03\/logo5.jpg","width":260,"height":66,"caption":"Zak\u0142ad Us\u0142ug Komunalnych Szczecin"},"image":{"@id":"https:\/\/ekoporty.szczecin.pl\/#\/schema\/logo\/image\/"}},{"@type":"Person","@id":"https:\/\/ekoporty.szczecin.pl\/#\/schema\/person\/227a44bf75721f95d393ad3bf7aff444","name":"Karol","image":{"@type":"ImageObject","inLanguage":"pl-PL","@id":"https:\/\/secure.gravatar.com\/avatar\/0f5b9c196349a42eed98cb7f5c7749512080f111047352f2ec2579a0183e06e1?s=96&d=mm&r=g","url":"https:\/\/secure.gravatar.com\/avatar\/0f5b9c196349a42eed98cb7f5c7749512080f111047352f2ec2579a0183e06e1?s=96&d=mm&r=g","contentUrl":"https:\/\/secure.gravatar.com\/avatar\/0f5b9c196349a42eed98cb7f5c7749512080f111047352f2ec2579a0183e06e1?s=96&d=mm&r=g","caption":"Karol"},"url":"https:\/\/ekoporty.szczecin.pl\/?author=7"}]}},"jetpack_publicize_connections":[],"jetpack_featured_media_url":"https:\/\/ekoporty.szczecin.pl\/wp-content\/uploads\/2019\/05\/P1110075_1600x1200-1.jpg","jetpack_sharing_enabled":true,"jetpack_shortlink":"https:\/\/wp.me\/p8ZWwp-5uH","_links":{"self":[{"href":"https:\/\/ekoporty.szczecin.pl\/index.php?rest_route=\/wp\/v2\/posts\/21123","targetHints":{"allow":["GET"]}}],"collection":[{"href":"https:\/\/ekoporty.szczecin.pl\/index.php?rest_route=\/wp\/v2\/posts"}],"about":[{"href":"https:\/\/ekoporty.szczecin.pl\/index.php?rest_route=\/wp\/v2\/types\/post"}],"author":[{"embeddable":true,"href":"https:\/\/ekoporty.szczecin.pl\/index.php?rest_route=\/wp\/v2\/users\/7"}],"replies":[{"embeddable":true,"href":"https:\/\/ekoporty.szczecin.pl\/index.php?rest_route=%2Fwp%2Fv2%2Fcomments&post=21123"}],"version-history":[{"count":1,"href":"https:\/\/ekoporty.szczecin.pl\/index.php?rest_route=\/wp\/v2\/posts\/21123\/revisions"}],"predecessor-version":[{"id":21125,"href":"https:\/\/ekoporty.szczecin.pl\/index.php?rest_route=\/wp\/v2\/posts\/21123\/revisions\/21125"}],"wp:featuredmedia":[{"embeddable":true,"href":"https:\/\/ekoporty.szczecin.pl\/index.php?rest_route=\/wp\/v2\/media\/21124"}],"wp:attachment":[{"href":"https:\/\/ekoporty.szczecin.pl\/index.php?rest_route=%2Fwp%2Fv2%2Fmedia&parent=21123"}],"wp:term":[{"taxonomy":"category","embeddable":true,"href":"https:\/\/ekoporty.szczecin.pl\/index.php?rest_route=%2Fwp%2Fv2%2Fcategories&post=21123"},{"taxonomy":"post_tag","embeddable":true,"href":"https:\/\/ekoporty.szczecin.pl\/index.php?rest_route=%2Fwp%2Fv2%2Ftags&post=21123"}],"curies":[{"name":"wp","href":"https:\/\/api.w.org\/{rel}","templated":true}]}}