{"id":22304,"date":"2019-06-27T11:47:23","date_gmt":"2019-06-27T09:47:23","guid":{"rendered":"http:\/\/ekoporty.szczecin.pl\/?p=22304"},"modified":"2019-06-27T11:51:50","modified_gmt":"2019-06-27T09:51:50","slug":"uzbieralismy-100-000-zlotych","status":"publish","type":"post","link":"https:\/\/ekoporty.szczecin.pl\/?p=22304","title":{"rendered":"Uzbierali\u015bmy 100 000 z\u0142otych !"},"content":{"rendered":"<p style=\"text-align: justify;\"><strong>Przekroczona zosta\u0142a kwot\u0119 100 00 z\u0142otych, by\u0142 pow\u00f3d do \u015bwi\u0119towania, o godzinie 10.30 przed samym otwarciem Galerii odby\u0142a si\u0119 ma\u0142a uroczysto\u015b\u0107. Do nieba polecia\u0142o 100 turkusowych balon\u00f3w \u2013 ka\u017cdy symbolizowa\u0142 1000 z\u0142otych, dzi\u0119ki kt\u00f3rym kto\u015b potrzebuj\u0105cy przybli\u017cy\u0142 si\u0119 do celu, kto\u015b zrealizowa\u0142 marzenia o sprz\u0119cie rehabilitacyjnym, leczeniu\u2026.. <a href=\"https:\/\/ekoporty.szczecin.pl\/?page_id=22291&amp;preview=true\">(wi\u0119cej)<\/a><\/strong><\/p>\n","protected":false},"excerpt":{"rendered":"<p>Przekroczona zosta\u0142a kwot\u0119 100 00 z\u0142otych, by\u0142 pow\u00f3d do \u015bwi\u0119towania, o godzinie 10.30 przed samym otwarciem Galerii odby\u0142a si\u0119 ma\u0142a uroczysto\u015b\u0107. Do nieba polecia\u0142o 100 turkusowych balon\u00f3w \u2013 ka\u017cdy symbolizowa\u0142 1000 z\u0142otych, dzi\u0119ki kt\u00f3rym kto\u015b potrzebuj\u0105cy przybli\u017cy\u0142 si\u0119 do celu, kto\u015b zrealizowa\u0142 marzenia o sprz\u0119cie rehabilitacyjnym, leczeniu\u2026.. (wi\u0119cej)<\/p>\n","protected":false},"author":7,"featured_media":22305,"comment_status":"closed","ping_status":"closed","sticky":false,"template":"","format":"standard","meta":{"_jetpack_memberships_contains_paid_content":false,"footnotes":"","jetpack_publicize_message":"","jetpack_publicize_feature_enabled":true,"jetpack_social_post_already_shared":false,"jetpack_social_options":{"image_generator_settings":{"template":"highway","default_image_id":0,"font":"","enabled":false},"version":2}},"categories":[1],"tags":[],"class_list":["post-22304","post","type-post","status-publish","format-standard","has-post-thumbnail","hentry","category-bez-kategorii"],"yoast_head":"<!-- This site is optimized with the Yoast SEO plugin v27.4 - https:\/\/yoast.com\/product\/yoast-seo-wordpress\/ -->\n<title>Uzbierali\u015bmy 100 000 z\u0142otych ! &#171; EKOPORTY SZCZECIN<\/title>\n<meta name=\"robots\" content=\"index, follow, max-snippet:-1, max-image-preview:large, max-video-preview:-1\" \/>\n<link rel=\"canonical\" href=\"https:\/\/ekoporty.szczecin.pl\/?p=22304\" \/>\n<meta property=\"og:locale\" content=\"pl_PL\" \/>\n<meta property=\"og:type\" content=\"article\" \/>\n<meta property=\"og:title\" content=\"Uzbierali\u015bmy 100 000 z\u0142otych ! &#171; EKOPORTY SZCZECIN\" \/>\n<meta property=\"og:description\" content=\"Przekroczona zosta\u0142a kwot\u0119 100 00 z\u0142otych, by\u0142 pow\u00f3d do \u015bwi\u0119towania, o godzinie 10.30 przed samym otwarciem Galerii odby\u0142a si\u0119 ma\u0142a uroczysto\u015b\u0107. Do nieba polecia\u0142o 100 turkusowych balon\u00f3w \u2013 ka\u017cdy symbolizowa\u0142 1000 z\u0142otych, dzi\u0119ki kt\u00f3rym kto\u015b potrzebuj\u0105cy przybli\u017cy\u0142 si\u0119 do celu, kto\u015b zrealizowa\u0142 marzenia o sprz\u0119cie rehabilitacyjnym, leczeniu\u2026.. (wi\u0119cej)\" \/>\n<meta property=\"og:url\" content=\"https:\/\/ekoporty.szczecin.pl\/?p=22304\" \/>\n<meta property=\"og:site_name\" content=\"EKOPORTY SZCZECIN\" \/>\n<meta property=\"article:published_time\" content=\"2019-06-27T09:47:23+00:00\" \/>\n<meta property=\"article:modified_time\" content=\"2019-06-27T09:51:50+00:00\" \/>\n<meta property=\"og:image\" content=\"https:\/\/ekoporty.szczecin.pl\/wp-content\/uploads\/2019\/06\/IMG_1617-1.jpg\" \/>\n\t<meta property=\"og:image:width\" content=\"2016\" \/>\n\t<meta property=\"og:image:height\" content=\"1512\" \/>\n\t<meta property=\"og:image:type\" content=\"image\/jpeg\" \/>\n<meta name=\"author\" content=\"Karol\" \/>\n<meta name=\"twitter:card\" content=\"summary_large_image\" \/>\n<meta name=\"twitter:label1\" content=\"Napisane przez\" \/>\n\t<meta name=\"twitter:data1\" content=\"Karol\" \/>\n<script type=\"application\/ld+json\" class=\"yoast-schema-graph\">{\"@context\":\"https:\\\/\\\/schema.org\",\"@graph\":[{\"@type\":\"Article\",\"@id\":\"https:\\\/\\\/ekoporty.szczecin.pl\\\/?p=22304#article\",\"isPartOf\":{\"@id\":\"https:\\\/\\\/ekoporty.szczecin.pl\\\/?p=22304\"},\"author\":{\"name\":\"Karol\",\"@id\":\"https:\\\/\\\/ekoporty.szczecin.pl\\\/#\\\/schema\\\/person\\\/227a44bf75721f95d393ad3bf7aff444\"},\"headline\":\"Uzbierali\u015bmy 100 000 z\u0142otych !\",\"datePublished\":\"2019-06-27T09:47:23+00:00\",\"dateModified\":\"2019-06-27T09:51:50+00:00\",\"mainEntityOfPage\":{\"@id\":\"https:\\\/\\\/ekoporty.szczecin.pl\\\/?p=22304\"},\"wordCount\":62,\"publisher\":{\"@id\":\"https:\\\/\\\/ekoporty.szczecin.pl\\\/#organization\"},\"image\":{\"@id\":\"https:\\\/\\\/ekoporty.szczecin.pl\\\/?p=22304#primaryimage\"},\"thumbnailUrl\":\"https:\\\/\\\/ekoporty.szczecin.pl\\\/wp-content\\\/uploads\\\/2019\\\/06\\\/IMG_1617-1.jpg\",\"inLanguage\":\"pl-PL\"},{\"@type\":\"WebPage\",\"@id\":\"https:\\\/\\\/ekoporty.szczecin.pl\\\/?p=22304\",\"url\":\"https:\\\/\\\/ekoporty.szczecin.pl\\\/?p=22304\",\"name\":\"Uzbierali\u015bmy 100 000 z\u0142otych ! &#171; EKOPORTY SZCZECIN\",\"isPartOf\":{\"@id\":\"https:\\\/\\\/ekoporty.szczecin.pl\\\/#website\"},\"primaryImageOfPage\":{\"@id\":\"https:\\\/\\\/ekoporty.szczecin.pl\\\/?p=22304#primaryimage\"},\"image\":{\"@id\":\"https:\\\/\\\/ekoporty.szczecin.pl\\\/?p=22304#primaryimage\"},\"thumbnailUrl\":\"https:\\\/\\\/ekoporty.szczecin.pl\\\/wp-content\\\/uploads\\\/2019\\\/06\\\/IMG_1617-1.jpg\",\"datePublished\":\"2019-06-27T09:47:23+00:00\",\"dateModified\":\"2019-06-27T09:51:50+00:00\",\"breadcrumb\":{\"@id\":\"https:\\\/\\\/ekoporty.szczecin.pl\\\/?p=22304#breadcrumb\"},\"inLanguage\":\"pl-PL\",\"potentialAction\":[{\"@type\":\"ReadAction\",\"target\":[\"https:\\\/\\\/ekoporty.szczecin.pl\\\/?p=22304\"]}]},{\"@type\":\"ImageObject\",\"inLanguage\":\"pl-PL\",\"@id\":\"https:\\\/\\\/ekoporty.szczecin.pl\\\/?p=22304#primaryimage\",\"url\":\"https:\\\/\\\/ekoporty.szczecin.pl\\\/wp-content\\\/uploads\\\/2019\\\/06\\\/IMG_1617-1.jpg\",\"contentUrl\":\"https:\\\/\\\/ekoporty.szczecin.pl\\\/wp-content\\\/uploads\\\/2019\\\/06\\\/IMG_1617-1.jpg\",\"width\":2016,\"height\":1512},{\"@type\":\"BreadcrumbList\",\"@id\":\"https:\\\/\\\/ekoporty.szczecin.pl\\\/?p=22304#breadcrumb\",\"itemListElement\":[{\"@type\":\"ListItem\",\"position\":1,\"name\":\"Strona g\u0142\u00f3wna\",\"item\":\"https:\\\/\\\/ekoporty.szczecin.pl\\\/\"},{\"@type\":\"ListItem\",\"position\":2,\"name\":\"Uzbierali\u015bmy 100 000 z\u0142otych !\"}]},{\"@type\":\"WebSite\",\"@id\":\"https:\\\/\\\/ekoporty.szczecin.pl\\\/#website\",\"url\":\"https:\\\/\\\/ekoporty.szczecin.pl\\\/\",\"name\":\"Ekoporty\",\"description\":\"ZUK Szczecin - Punkty Selektywnej Zbi\u00f3rki Odpad\u00f3w Komunalnych - Zapraszamy\",\"publisher\":{\"@id\":\"https:\\\/\\\/ekoporty.szczecin.pl\\\/#organization\"},\"potentialAction\":[{\"@type\":\"SearchAction\",\"target\":{\"@type\":\"EntryPoint\",\"urlTemplate\":\"https:\\\/\\\/ekoporty.szczecin.pl\\\/?s={search_term_string}\"},\"query-input\":{\"@type\":\"PropertyValueSpecification\",\"valueRequired\":true,\"valueName\":\"search_term_string\"}}],\"inLanguage\":\"pl-PL\"},{\"@type\":\"Organization\",\"@id\":\"https:\\\/\\\/ekoporty.szczecin.pl\\\/#organization\",\"name\":\"Zak\u0142ad Us\u0142ug Komunalnych Szczecin\",\"url\":\"https:\\\/\\\/ekoporty.szczecin.pl\\\/\",\"logo\":{\"@type\":\"ImageObject\",\"inLanguage\":\"pl-PL\",\"@id\":\"https:\\\/\\\/ekoporty.szczecin.pl\\\/#\\\/schema\\\/logo\\\/image\\\/\",\"url\":\"http:\\\/\\\/ekoporty.szczecin.pl\\\/wp-content\\\/uploads\\\/2018\\\/03\\\/logo5.jpg\",\"contentUrl\":\"http:\\\/\\\/ekoporty.szczecin.pl\\\/wp-content\\\/uploads\\\/2018\\\/03\\\/logo5.jpg\",\"width\":260,\"height\":66,\"caption\":\"Zak\u0142ad Us\u0142ug Komunalnych Szczecin\"},\"image\":{\"@id\":\"https:\\\/\\\/ekoporty.szczecin.pl\\\/#\\\/schema\\\/logo\\\/image\\\/\"}},{\"@type\":\"Person\",\"@id\":\"https:\\\/\\\/ekoporty.szczecin.pl\\\/#\\\/schema\\\/person\\\/227a44bf75721f95d393ad3bf7aff444\",\"name\":\"Karol\",\"image\":{\"@type\":\"ImageObject\",\"inLanguage\":\"pl-PL\",\"@id\":\"https:\\\/\\\/secure.gravatar.com\\\/avatar\\\/0f5b9c196349a42eed98cb7f5c7749512080f111047352f2ec2579a0183e06e1?s=96&d=mm&r=g\",\"url\":\"https:\\\/\\\/secure.gravatar.com\\\/avatar\\\/0f5b9c196349a42eed98cb7f5c7749512080f111047352f2ec2579a0183e06e1?s=96&d=mm&r=g\",\"contentUrl\":\"https:\\\/\\\/secure.gravatar.com\\\/avatar\\\/0f5b9c196349a42eed98cb7f5c7749512080f111047352f2ec2579a0183e06e1?s=96&d=mm&r=g\",\"caption\":\"Karol\"},\"url\":\"https:\\\/\\\/ekoporty.szczecin.pl\\\/?author=7\"}]}<\/script>\n<!-- \/ Yoast SEO plugin. -->","yoast_head_json":{"title":"Uzbierali\u015bmy 100 000 z\u0142otych ! &#171; EKOPORTY SZCZECIN","robots":{"index":"index","follow":"follow","max-snippet":"max-snippet:-1","max-image-preview":"max-image-preview:large","max-video-preview":"max-video-preview:-1"},"canonical":"https:\/\/ekoporty.szczecin.pl\/?p=22304","og_locale":"pl_PL","og_type":"article","og_title":"Uzbierali\u015bmy 100 000 z\u0142otych ! &#171; EKOPORTY SZCZECIN","og_description":"Przekroczona zosta\u0142a kwot\u0119 100 00 z\u0142otych, by\u0142 pow\u00f3d do \u015bwi\u0119towania, o godzinie 10.30 przed samym otwarciem Galerii odby\u0142a si\u0119 ma\u0142a uroczysto\u015b\u0107. Do nieba polecia\u0142o 100 turkusowych balon\u00f3w \u2013 ka\u017cdy symbolizowa\u0142 1000 z\u0142otych, dzi\u0119ki kt\u00f3rym kto\u015b potrzebuj\u0105cy przybli\u017cy\u0142 si\u0119 do celu, kto\u015b zrealizowa\u0142 marzenia o sprz\u0119cie rehabilitacyjnym, leczeniu\u2026.. (wi\u0119cej)","og_url":"https:\/\/ekoporty.szczecin.pl\/?p=22304","og_site_name":"EKOPORTY SZCZECIN","article_published_time":"2019-06-27T09:47:23+00:00","article_modified_time":"2019-06-27T09:51:50+00:00","og_image":[{"width":2016,"height":1512,"url":"https:\/\/ekoporty.szczecin.pl\/wp-content\/uploads\/2019\/06\/IMG_1617-1.jpg","type":"image\/jpeg"}],"author":"Karol","twitter_card":"summary_large_image","twitter_misc":{"Napisane przez":"Karol"},"schema":{"@context":"https:\/\/schema.org","@graph":[{"@type":"Article","@id":"https:\/\/ekoporty.szczecin.pl\/?p=22304#article","isPartOf":{"@id":"https:\/\/ekoporty.szczecin.pl\/?p=22304"},"author":{"name":"Karol","@id":"https:\/\/ekoporty.szczecin.pl\/#\/schema\/person\/227a44bf75721f95d393ad3bf7aff444"},"headline":"Uzbierali\u015bmy 100 000 z\u0142otych !","datePublished":"2019-06-27T09:47:23+00:00","dateModified":"2019-06-27T09:51:50+00:00","mainEntityOfPage":{"@id":"https:\/\/ekoporty.szczecin.pl\/?p=22304"},"wordCount":62,"publisher":{"@id":"https:\/\/ekoporty.szczecin.pl\/#organization"},"image":{"@id":"https:\/\/ekoporty.szczecin.pl\/?p=22304#primaryimage"},"thumbnailUrl":"https:\/\/ekoporty.szczecin.pl\/wp-content\/uploads\/2019\/06\/IMG_1617-1.jpg","inLanguage":"pl-PL"},{"@type":"WebPage","@id":"https:\/\/ekoporty.szczecin.pl\/?p=22304","url":"https:\/\/ekoporty.szczecin.pl\/?p=22304","name":"Uzbierali\u015bmy 100 000 z\u0142otych ! &#171; EKOPORTY SZCZECIN","isPartOf":{"@id":"https:\/\/ekoporty.szczecin.pl\/#website"},"primaryImageOfPage":{"@id":"https:\/\/ekoporty.szczecin.pl\/?p=22304#primaryimage"},"image":{"@id":"https:\/\/ekoporty.szczecin.pl\/?p=22304#primaryimage"},"thumbnailUrl":"https:\/\/ekoporty.szczecin.pl\/wp-content\/uploads\/2019\/06\/IMG_1617-1.jpg","datePublished":"2019-06-27T09:47:23+00:00","dateModified":"2019-06-27T09:51:50+00:00","breadcrumb":{"@id":"https:\/\/ekoporty.szczecin.pl\/?p=22304#breadcrumb"},"inLanguage":"pl-PL","potentialAction":[{"@type":"ReadAction","target":["https:\/\/ekoporty.szczecin.pl\/?p=22304"]}]},{"@type":"ImageObject","inLanguage":"pl-PL","@id":"https:\/\/ekoporty.szczecin.pl\/?p=22304#primaryimage","url":"https:\/\/ekoporty.szczecin.pl\/wp-content\/uploads\/2019\/06\/IMG_1617-1.jpg","contentUrl":"https:\/\/ekoporty.szczecin.pl\/wp-content\/uploads\/2019\/06\/IMG_1617-1.jpg","width":2016,"height":1512},{"@type":"BreadcrumbList","@id":"https:\/\/ekoporty.szczecin.pl\/?p=22304#breadcrumb","itemListElement":[{"@type":"ListItem","position":1,"name":"Strona g\u0142\u00f3wna","item":"https:\/\/ekoporty.szczecin.pl\/"},{"@type":"ListItem","position":2,"name":"Uzbierali\u015bmy 100 000 z\u0142otych !"}]},{"@type":"WebSite","@id":"https:\/\/ekoporty.szczecin.pl\/#website","url":"https:\/\/ekoporty.szczecin.pl\/","name":"Ekoporty","description":"ZUK Szczecin - Punkty Selektywnej Zbi\u00f3rki Odpad\u00f3w Komunalnych - Zapraszamy","publisher":{"@id":"https:\/\/ekoporty.szczecin.pl\/#organization"},"potentialAction":[{"@type":"SearchAction","target":{"@type":"EntryPoint","urlTemplate":"https:\/\/ekoporty.szczecin.pl\/?s={search_term_string}"},"query-input":{"@type":"PropertyValueSpecification","valueRequired":true,"valueName":"search_term_string"}}],"inLanguage":"pl-PL"},{"@type":"Organization","@id":"https:\/\/ekoporty.szczecin.pl\/#organization","name":"Zak\u0142ad Us\u0142ug Komunalnych Szczecin","url":"https:\/\/ekoporty.szczecin.pl\/","logo":{"@type":"ImageObject","inLanguage":"pl-PL","@id":"https:\/\/ekoporty.szczecin.pl\/#\/schema\/logo\/image\/","url":"http:\/\/ekoporty.szczecin.pl\/wp-content\/uploads\/2018\/03\/logo5.jpg","contentUrl":"http:\/\/ekoporty.szczecin.pl\/wp-content\/uploads\/2018\/03\/logo5.jpg","width":260,"height":66,"caption":"Zak\u0142ad Us\u0142ug Komunalnych Szczecin"},"image":{"@id":"https:\/\/ekoporty.szczecin.pl\/#\/schema\/logo\/image\/"}},{"@type":"Person","@id":"https:\/\/ekoporty.szczecin.pl\/#\/schema\/person\/227a44bf75721f95d393ad3bf7aff444","name":"Karol","image":{"@type":"ImageObject","inLanguage":"pl-PL","@id":"https:\/\/secure.gravatar.com\/avatar\/0f5b9c196349a42eed98cb7f5c7749512080f111047352f2ec2579a0183e06e1?s=96&d=mm&r=g","url":"https:\/\/secure.gravatar.com\/avatar\/0f5b9c196349a42eed98cb7f5c7749512080f111047352f2ec2579a0183e06e1?s=96&d=mm&r=g","contentUrl":"https:\/\/secure.gravatar.com\/avatar\/0f5b9c196349a42eed98cb7f5c7749512080f111047352f2ec2579a0183e06e1?s=96&d=mm&r=g","caption":"Karol"},"url":"https:\/\/ekoporty.szczecin.pl\/?author=7"}]}},"jetpack_publicize_connections":[],"jetpack_featured_media_url":"https:\/\/ekoporty.szczecin.pl\/wp-content\/uploads\/2019\/06\/IMG_1617-1.jpg","jetpack_sharing_enabled":true,"jetpack_shortlink":"https:\/\/wp.me\/p8ZWwp-5NK","_links":{"self":[{"href":"https:\/\/ekoporty.szczecin.pl\/index.php?rest_route=\/wp\/v2\/posts\/22304","targetHints":{"allow":["GET"]}}],"collection":[{"href":"https:\/\/ekoporty.szczecin.pl\/index.php?rest_route=\/wp\/v2\/posts"}],"about":[{"href":"https:\/\/ekoporty.szczecin.pl\/index.php?rest_route=\/wp\/v2\/types\/post"}],"author":[{"embeddable":true,"href":"https:\/\/ekoporty.szczecin.pl\/index.php?rest_route=\/wp\/v2\/users\/7"}],"replies":[{"embeddable":true,"href":"https:\/\/ekoporty.szczecin.pl\/index.php?rest_route=%2Fwp%2Fv2%2Fcomments&post=22304"}],"version-history":[{"count":2,"href":"https:\/\/ekoporty.szczecin.pl\/index.php?rest_route=\/wp\/v2\/posts\/22304\/revisions"}],"predecessor-version":[{"id":22308,"href":"https:\/\/ekoporty.szczecin.pl\/index.php?rest_route=\/wp\/v2\/posts\/22304\/revisions\/22308"}],"wp:featuredmedia":[{"embeddable":true,"href":"https:\/\/ekoporty.szczecin.pl\/index.php?rest_route=\/wp\/v2\/media\/22305"}],"wp:attachment":[{"href":"https:\/\/ekoporty.szczecin.pl\/index.php?rest_route=%2Fwp%2Fv2%2Fmedia&parent=22304"}],"wp:term":[{"taxonomy":"category","embeddable":true,"href":"https:\/\/ekoporty.szczecin.pl\/index.php?rest_route=%2Fwp%2Fv2%2Fcategories&post=22304"},{"taxonomy":"post_tag","embeddable":true,"href":"https:\/\/ekoporty.szczecin.pl\/index.php?rest_route=%2Fwp%2Fv2%2Ftags&post=22304"}],"curies":[{"name":"wp","href":"https:\/\/api.w.org\/{rel}","templated":true}]}}