{"id":24127,"date":"2019-10-23T08:47:03","date_gmt":"2019-10-23T06:47:03","guid":{"rendered":"http:\/\/ekoporty.szczecin.pl\/?p=24127"},"modified":"2019-10-23T17:13:59","modified_gmt":"2019-10-23T15:13:59","slug":"historia-maski-i-obrazu-bez-ramy-czyli-smutniejsza-strona-galerii-szpargalek","status":"publish","type":"post","link":"https:\/\/ekoporty.szczecin.pl\/?p=24127","title":{"rendered":"Historia maski i obrazu bez ramy, czyli smutniejsza strona Galerii Szparga\u0142ek"},"content":{"rendered":"<p style=\"text-align: justify;\"><strong>Maska wenecka, przez pewien czas s\u0142u\u017cy\u0142a nam jako dekoracja Ekoportu. W galeriach Google jej zdj\u0119cie zajmuj\u0119 wysok\u0105 pozycj\u0119 jako ilustracja naszego punktu. Stary obrazek przez pewien czas by\u0142 ozdob\u0105 salki multimedialnej. Nadszed\u0142 czas jesiennych porz\u0105dk\u00f3w i dekoracj\u0119 trafi\u0142y na p\u00f3\u0142ki naszej galerii.<\/strong><\/p>\n<p style=\"text-align: justify;\"><!--more--><\/p>\n<p style=\"text-align: justify;\">Historia przedmiot\u00f3w, kt\u00f3re do nas trafiaj\u0105 zawsze owiana jest pewn\u0105 mg\u0142\u0105 tajemnicy. Mieszka\u0144cy kt\u00f3rzy przywo\u017c\u0105 do nas odpady nie informuj\u0105 nas o przesz\u0142o\u015bci przedmiot\u00f3w. Czasami uda si\u0119 uzyska\u0107 informacj\u0119, \u017ce zalega\u0142y latami w piwnicach albo pochodz\u0105 z nowo kupionych mieszka\u0144 w kt\u00f3rych pozostawili je dawni w\u0142a\u015bciciele.<\/p>\n<p style=\"text-align: justify;\">O masce weneckiej i obrazie wiedzieli\u015bmy tylko tyle \u017ce ich poprzedni w\u0142a\u015bciciel ju\u017c ich nie potrzebowa\u0142. Przywi\u00f3z\u0142 je do Ekoportu jako odpad. St\u0105d trafi\u0142y one jako jedne z tysi\u0119cy przedmiot\u00f3w zgromadzonych w naszej galerii. Dalsza historia mia\u0142a by\u0107 szlachetna. Trafi\u0107 one mia\u0142y do nowych w\u0142a\u015bcicieli w zamian za drobne kwoty przekazane na pomoc dla Organizacji Po\u017cytku Publicznego. To niestety nie uda\u0142o si\u0119 do ko\u0144ca. Zawi\u00f3d\u0142 jak to zwykle bywa najs\u0142abszy z czynnik\u00f3w &#8211; czynnik ludzki.<\/p>\n<p style=\"text-align: justify;\">Maska i obraz zosta\u0142y skradzione. Jedyne co zosta\u0142o to ramka. Teraz bezwarto\u015bciowa. Sta\u0142a si\u0119 odpadem, kt\u00f3ry pojedzie do unieszkodliwienia.<\/p>\n<p style=\"text-align: justify;\">Przykro nam \u017ce, co\u015b co mia\u0142o stanowi\u0107 przyjemn\u0105 form\u0119 sp\u0119dzenia czasu jak\u0105 jest poszukiwanie &#8222;skarb\u00f3w&#8221; w naszej galerii, przerodzi\u0142o si\u0119 w co\u015b tak obrzydliwego, jak\u0105 jest kradzie\u017c.<\/p>\n<p style=\"text-align: justify;\">Na koniec tej smutnej historii, mamy do przekazania co\u015b dla nowego &#8222;w\u0142a\u015bciciela&#8221;. Chcieliby\u015bmy aby zdawa\u0142 on sobie spraw\u0119 \u017ce nie dokona\u0142 zwyk\u0142ej kradzie\u017cy. Mo\u017ce ukrad\u0142 komu\u015b godzin\u0119 rehabilitacji, mo\u017ce cz\u0119\u015b\u0107 w\u00f3zka inwalidzkiego a mo\u017ce razem z mask\u0105 zabra\u0142 komu\u015b co\u015b na co ten d\u0142ugo czeka\u0142. Mimo wszystko \u017cyczymy tej osobie du\u017co dobrego i &#8222;rado\u015bci&#8221; z pozyskanych nabytk\u00f3w.<\/p>\n<p style=\"text-align: justify;\">Niestety co ka\u017cd\u0105 galeri\u0119 zdarzaj\u0105 si\u0119 takie przypadki. Opisana sytuacja nie jest wyj\u0105tkiem a jedynie doskona\u0142\u0105 ilustracj\u0105 tego co dzieje si\u0119 podczas ka\u017cdej edycji Galerii Szparga\u0142ek. Znikaj\u0105 przedmioty za 25 punkt\u00f3w jak i te za 1 punkt. Smutne ale niestety prawdziwe&#8230;<\/p>\n<p>&nbsp;<\/p>\n","protected":false},"excerpt":{"rendered":"<p>Maska wenecka, przez pewien czas s\u0142u\u017cy\u0142a nam jako dekoracja Ekoportu. W galeriach Google jej zdj\u0119cie zajmuj\u0119 wysok\u0105 pozycj\u0119 jako ilustracja naszego punktu. Stary obrazek przez pewien czas by\u0142 ozdob\u0105 salki multimedialnej. Nadszed\u0142 czas jesiennych porz\u0105dk\u00f3w i dekoracj\u0119 trafi\u0142y na p\u00f3\u0142ki naszej galerii.<\/p>\n","protected":false},"author":7,"featured_media":24129,"comment_status":"closed","ping_status":"closed","sticky":false,"template":"","format":"standard","meta":{"_jetpack_memberships_contains_paid_content":false,"footnotes":"","jetpack_publicize_message":"","jetpack_publicize_feature_enabled":true,"jetpack_social_post_already_shared":true,"jetpack_social_options":{"image_generator_settings":{"template":"highway","default_image_id":0,"font":"","enabled":false},"version":2}},"categories":[1],"tags":[],"class_list":["post-24127","post","type-post","status-publish","format-standard","has-post-thumbnail","hentry","category-bez-kategorii"],"yoast_head":"<!-- This site is optimized with the Yoast SEO plugin v27.4 - https:\/\/yoast.com\/product\/yoast-seo-wordpress\/ -->\n<title>Historia maski i obrazu bez ramy, czyli smutniejsza strona Galerii Szparga\u0142ek &#171; EKOPORTY SZCZECIN<\/title>\n<meta name=\"robots\" content=\"index, follow, max-snippet:-1, max-image-preview:large, max-video-preview:-1\" \/>\n<link rel=\"canonical\" href=\"https:\/\/ekoporty.szczecin.pl\/?p=24127\" \/>\n<meta property=\"og:locale\" content=\"pl_PL\" \/>\n<meta property=\"og:type\" content=\"article\" \/>\n<meta property=\"og:title\" content=\"Historia maski i obrazu bez ramy, czyli smutniejsza strona Galerii Szparga\u0142ek &#171; EKOPORTY SZCZECIN\" \/>\n<meta property=\"og:description\" content=\"Maska wenecka, przez pewien czas s\u0142u\u017cy\u0142a nam jako dekoracja Ekoportu. W galeriach Google jej zdj\u0119cie zajmuj\u0119 wysok\u0105 pozycj\u0119 jako ilustracja naszego punktu. Stary obrazek przez pewien czas by\u0142 ozdob\u0105 salki multimedialnej. Nadszed\u0142 czas jesiennych porz\u0105dk\u00f3w i dekoracj\u0119 trafi\u0142y na p\u00f3\u0142ki naszej galerii.\" \/>\n<meta property=\"og:url\" content=\"https:\/\/ekoporty.szczecin.pl\/?p=24127\" \/>\n<meta property=\"og:site_name\" content=\"EKOPORTY SZCZECIN\" \/>\n<meta property=\"article:published_time\" content=\"2019-10-23T06:47:03+00:00\" \/>\n<meta property=\"article:modified_time\" content=\"2019-10-23T15:13:59+00:00\" \/>\n<meta property=\"og:image\" content=\"https:\/\/ekoporty.szczecin.pl\/wp-content\/uploads\/2019\/10\/FullSizeRender.jpg\" \/>\n\t<meta property=\"og:image:width\" content=\"1848\" \/>\n\t<meta property=\"og:image:height\" content=\"1368\" \/>\n\t<meta property=\"og:image:type\" content=\"image\/jpeg\" \/>\n<meta name=\"author\" content=\"Karol\" \/>\n<meta name=\"twitter:card\" content=\"summary_large_image\" \/>\n<meta name=\"twitter:label1\" content=\"Napisane przez\" \/>\n\t<meta name=\"twitter:data1\" content=\"Karol\" \/>\n\t<meta name=\"twitter:label2\" content=\"Szacowany czas czytania\" \/>\n\t<meta name=\"twitter:data2\" content=\"2 minuty\" \/>\n<script type=\"application\/ld+json\" class=\"yoast-schema-graph\">{\"@context\":\"https:\\\/\\\/schema.org\",\"@graph\":[{\"@type\":\"Article\",\"@id\":\"https:\\\/\\\/ekoporty.szczecin.pl\\\/?p=24127#article\",\"isPartOf\":{\"@id\":\"https:\\\/\\\/ekoporty.szczecin.pl\\\/?p=24127\"},\"author\":{\"name\":\"Karol\",\"@id\":\"https:\\\/\\\/ekoporty.szczecin.pl\\\/#\\\/schema\\\/person\\\/227a44bf75721f95d393ad3bf7aff444\"},\"headline\":\"Historia maski i obrazu bez ramy, czyli smutniejsza strona Galerii Szparga\u0142ek\",\"datePublished\":\"2019-10-23T06:47:03+00:00\",\"dateModified\":\"2019-10-23T15:13:59+00:00\",\"mainEntityOfPage\":{\"@id\":\"https:\\\/\\\/ekoporty.szczecin.pl\\\/?p=24127\"},\"wordCount\":382,\"publisher\":{\"@id\":\"https:\\\/\\\/ekoporty.szczecin.pl\\\/#organization\"},\"image\":{\"@id\":\"https:\\\/\\\/ekoporty.szczecin.pl\\\/?p=24127#primaryimage\"},\"thumbnailUrl\":\"https:\\\/\\\/ekoporty.szczecin.pl\\\/wp-content\\\/uploads\\\/2019\\\/10\\\/FullSizeRender.jpg\",\"inLanguage\":\"pl-PL\"},{\"@type\":\"WebPage\",\"@id\":\"https:\\\/\\\/ekoporty.szczecin.pl\\\/?p=24127\",\"url\":\"https:\\\/\\\/ekoporty.szczecin.pl\\\/?p=24127\",\"name\":\"Historia maski i obrazu bez ramy, czyli smutniejsza strona Galerii Szparga\u0142ek &#171; EKOPORTY SZCZECIN\",\"isPartOf\":{\"@id\":\"https:\\\/\\\/ekoporty.szczecin.pl\\\/#website\"},\"primaryImageOfPage\":{\"@id\":\"https:\\\/\\\/ekoporty.szczecin.pl\\\/?p=24127#primaryimage\"},\"image\":{\"@id\":\"https:\\\/\\\/ekoporty.szczecin.pl\\\/?p=24127#primaryimage\"},\"thumbnailUrl\":\"https:\\\/\\\/ekoporty.szczecin.pl\\\/wp-content\\\/uploads\\\/2019\\\/10\\\/FullSizeRender.jpg\",\"datePublished\":\"2019-10-23T06:47:03+00:00\",\"dateModified\":\"2019-10-23T15:13:59+00:00\",\"breadcrumb\":{\"@id\":\"https:\\\/\\\/ekoporty.szczecin.pl\\\/?p=24127#breadcrumb\"},\"inLanguage\":\"pl-PL\",\"potentialAction\":[{\"@type\":\"ReadAction\",\"target\":[\"https:\\\/\\\/ekoporty.szczecin.pl\\\/?p=24127\"]}]},{\"@type\":\"ImageObject\",\"inLanguage\":\"pl-PL\",\"@id\":\"https:\\\/\\\/ekoporty.szczecin.pl\\\/?p=24127#primaryimage\",\"url\":\"https:\\\/\\\/ekoporty.szczecin.pl\\\/wp-content\\\/uploads\\\/2019\\\/10\\\/FullSizeRender.jpg\",\"contentUrl\":\"https:\\\/\\\/ekoporty.szczecin.pl\\\/wp-content\\\/uploads\\\/2019\\\/10\\\/FullSizeRender.jpg\",\"width\":1848,\"height\":1368},{\"@type\":\"BreadcrumbList\",\"@id\":\"https:\\\/\\\/ekoporty.szczecin.pl\\\/?p=24127#breadcrumb\",\"itemListElement\":[{\"@type\":\"ListItem\",\"position\":1,\"name\":\"Strona g\u0142\u00f3wna\",\"item\":\"https:\\\/\\\/ekoporty.szczecin.pl\\\/\"},{\"@type\":\"ListItem\",\"position\":2,\"name\":\"Historia maski i obrazu bez ramy, czyli smutniejsza strona Galerii Szparga\u0142ek\"}]},{\"@type\":\"WebSite\",\"@id\":\"https:\\\/\\\/ekoporty.szczecin.pl\\\/#website\",\"url\":\"https:\\\/\\\/ekoporty.szczecin.pl\\\/\",\"name\":\"Ekoporty\",\"description\":\"ZUK Szczecin - Punkty Selektywnej Zbi\u00f3rki Odpad\u00f3w Komunalnych - Zapraszamy\",\"publisher\":{\"@id\":\"https:\\\/\\\/ekoporty.szczecin.pl\\\/#organization\"},\"potentialAction\":[{\"@type\":\"SearchAction\",\"target\":{\"@type\":\"EntryPoint\",\"urlTemplate\":\"https:\\\/\\\/ekoporty.szczecin.pl\\\/?s={search_term_string}\"},\"query-input\":{\"@type\":\"PropertyValueSpecification\",\"valueRequired\":true,\"valueName\":\"search_term_string\"}}],\"inLanguage\":\"pl-PL\"},{\"@type\":\"Organization\",\"@id\":\"https:\\\/\\\/ekoporty.szczecin.pl\\\/#organization\",\"name\":\"Zak\u0142ad Us\u0142ug Komunalnych Szczecin\",\"url\":\"https:\\\/\\\/ekoporty.szczecin.pl\\\/\",\"logo\":{\"@type\":\"ImageObject\",\"inLanguage\":\"pl-PL\",\"@id\":\"https:\\\/\\\/ekoporty.szczecin.pl\\\/#\\\/schema\\\/logo\\\/image\\\/\",\"url\":\"http:\\\/\\\/ekoporty.szczecin.pl\\\/wp-content\\\/uploads\\\/2018\\\/03\\\/logo5.jpg\",\"contentUrl\":\"http:\\\/\\\/ekoporty.szczecin.pl\\\/wp-content\\\/uploads\\\/2018\\\/03\\\/logo5.jpg\",\"width\":260,\"height\":66,\"caption\":\"Zak\u0142ad Us\u0142ug Komunalnych Szczecin\"},\"image\":{\"@id\":\"https:\\\/\\\/ekoporty.szczecin.pl\\\/#\\\/schema\\\/logo\\\/image\\\/\"}},{\"@type\":\"Person\",\"@id\":\"https:\\\/\\\/ekoporty.szczecin.pl\\\/#\\\/schema\\\/person\\\/227a44bf75721f95d393ad3bf7aff444\",\"name\":\"Karol\",\"image\":{\"@type\":\"ImageObject\",\"inLanguage\":\"pl-PL\",\"@id\":\"https:\\\/\\\/secure.gravatar.com\\\/avatar\\\/0f5b9c196349a42eed98cb7f5c7749512080f111047352f2ec2579a0183e06e1?s=96&d=mm&r=g\",\"url\":\"https:\\\/\\\/secure.gravatar.com\\\/avatar\\\/0f5b9c196349a42eed98cb7f5c7749512080f111047352f2ec2579a0183e06e1?s=96&d=mm&r=g\",\"contentUrl\":\"https:\\\/\\\/secure.gravatar.com\\\/avatar\\\/0f5b9c196349a42eed98cb7f5c7749512080f111047352f2ec2579a0183e06e1?s=96&d=mm&r=g\",\"caption\":\"Karol\"},\"url\":\"https:\\\/\\\/ekoporty.szczecin.pl\\\/?author=7\"}]}<\/script>\n<!-- \/ Yoast SEO plugin. -->","yoast_head_json":{"title":"Historia maski i obrazu bez ramy, czyli smutniejsza strona Galerii Szparga\u0142ek &#171; EKOPORTY SZCZECIN","robots":{"index":"index","follow":"follow","max-snippet":"max-snippet:-1","max-image-preview":"max-image-preview:large","max-video-preview":"max-video-preview:-1"},"canonical":"https:\/\/ekoporty.szczecin.pl\/?p=24127","og_locale":"pl_PL","og_type":"article","og_title":"Historia maski i obrazu bez ramy, czyli smutniejsza strona Galerii Szparga\u0142ek &#171; EKOPORTY SZCZECIN","og_description":"Maska wenecka, przez pewien czas s\u0142u\u017cy\u0142a nam jako dekoracja Ekoportu. W galeriach Google jej zdj\u0119cie zajmuj\u0119 wysok\u0105 pozycj\u0119 jako ilustracja naszego punktu. Stary obrazek przez pewien czas by\u0142 ozdob\u0105 salki multimedialnej. Nadszed\u0142 czas jesiennych porz\u0105dk\u00f3w i dekoracj\u0119 trafi\u0142y na p\u00f3\u0142ki naszej galerii.","og_url":"https:\/\/ekoporty.szczecin.pl\/?p=24127","og_site_name":"EKOPORTY SZCZECIN","article_published_time":"2019-10-23T06:47:03+00:00","article_modified_time":"2019-10-23T15:13:59+00:00","og_image":[{"width":1848,"height":1368,"url":"https:\/\/ekoporty.szczecin.pl\/wp-content\/uploads\/2019\/10\/FullSizeRender.jpg","type":"image\/jpeg"}],"author":"Karol","twitter_card":"summary_large_image","twitter_misc":{"Napisane przez":"Karol","Szacowany czas czytania":"2 minuty"},"schema":{"@context":"https:\/\/schema.org","@graph":[{"@type":"Article","@id":"https:\/\/ekoporty.szczecin.pl\/?p=24127#article","isPartOf":{"@id":"https:\/\/ekoporty.szczecin.pl\/?p=24127"},"author":{"name":"Karol","@id":"https:\/\/ekoporty.szczecin.pl\/#\/schema\/person\/227a44bf75721f95d393ad3bf7aff444"},"headline":"Historia maski i obrazu bez ramy, czyli smutniejsza strona Galerii Szparga\u0142ek","datePublished":"2019-10-23T06:47:03+00:00","dateModified":"2019-10-23T15:13:59+00:00","mainEntityOfPage":{"@id":"https:\/\/ekoporty.szczecin.pl\/?p=24127"},"wordCount":382,"publisher":{"@id":"https:\/\/ekoporty.szczecin.pl\/#organization"},"image":{"@id":"https:\/\/ekoporty.szczecin.pl\/?p=24127#primaryimage"},"thumbnailUrl":"https:\/\/ekoporty.szczecin.pl\/wp-content\/uploads\/2019\/10\/FullSizeRender.jpg","inLanguage":"pl-PL"},{"@type":"WebPage","@id":"https:\/\/ekoporty.szczecin.pl\/?p=24127","url":"https:\/\/ekoporty.szczecin.pl\/?p=24127","name":"Historia maski i obrazu bez ramy, czyli smutniejsza strona Galerii Szparga\u0142ek &#171; EKOPORTY SZCZECIN","isPartOf":{"@id":"https:\/\/ekoporty.szczecin.pl\/#website"},"primaryImageOfPage":{"@id":"https:\/\/ekoporty.szczecin.pl\/?p=24127#primaryimage"},"image":{"@id":"https:\/\/ekoporty.szczecin.pl\/?p=24127#primaryimage"},"thumbnailUrl":"https:\/\/ekoporty.szczecin.pl\/wp-content\/uploads\/2019\/10\/FullSizeRender.jpg","datePublished":"2019-10-23T06:47:03+00:00","dateModified":"2019-10-23T15:13:59+00:00","breadcrumb":{"@id":"https:\/\/ekoporty.szczecin.pl\/?p=24127#breadcrumb"},"inLanguage":"pl-PL","potentialAction":[{"@type":"ReadAction","target":["https:\/\/ekoporty.szczecin.pl\/?p=24127"]}]},{"@type":"ImageObject","inLanguage":"pl-PL","@id":"https:\/\/ekoporty.szczecin.pl\/?p=24127#primaryimage","url":"https:\/\/ekoporty.szczecin.pl\/wp-content\/uploads\/2019\/10\/FullSizeRender.jpg","contentUrl":"https:\/\/ekoporty.szczecin.pl\/wp-content\/uploads\/2019\/10\/FullSizeRender.jpg","width":1848,"height":1368},{"@type":"BreadcrumbList","@id":"https:\/\/ekoporty.szczecin.pl\/?p=24127#breadcrumb","itemListElement":[{"@type":"ListItem","position":1,"name":"Strona g\u0142\u00f3wna","item":"https:\/\/ekoporty.szczecin.pl\/"},{"@type":"ListItem","position":2,"name":"Historia maski i obrazu bez ramy, czyli smutniejsza strona Galerii Szparga\u0142ek"}]},{"@type":"WebSite","@id":"https:\/\/ekoporty.szczecin.pl\/#website","url":"https:\/\/ekoporty.szczecin.pl\/","name":"Ekoporty","description":"ZUK Szczecin - Punkty Selektywnej Zbi\u00f3rki Odpad\u00f3w Komunalnych - Zapraszamy","publisher":{"@id":"https:\/\/ekoporty.szczecin.pl\/#organization"},"potentialAction":[{"@type":"SearchAction","target":{"@type":"EntryPoint","urlTemplate":"https:\/\/ekoporty.szczecin.pl\/?s={search_term_string}"},"query-input":{"@type":"PropertyValueSpecification","valueRequired":true,"valueName":"search_term_string"}}],"inLanguage":"pl-PL"},{"@type":"Organization","@id":"https:\/\/ekoporty.szczecin.pl\/#organization","name":"Zak\u0142ad Us\u0142ug Komunalnych Szczecin","url":"https:\/\/ekoporty.szczecin.pl\/","logo":{"@type":"ImageObject","inLanguage":"pl-PL","@id":"https:\/\/ekoporty.szczecin.pl\/#\/schema\/logo\/image\/","url":"http:\/\/ekoporty.szczecin.pl\/wp-content\/uploads\/2018\/03\/logo5.jpg","contentUrl":"http:\/\/ekoporty.szczecin.pl\/wp-content\/uploads\/2018\/03\/logo5.jpg","width":260,"height":66,"caption":"Zak\u0142ad Us\u0142ug Komunalnych Szczecin"},"image":{"@id":"https:\/\/ekoporty.szczecin.pl\/#\/schema\/logo\/image\/"}},{"@type":"Person","@id":"https:\/\/ekoporty.szczecin.pl\/#\/schema\/person\/227a44bf75721f95d393ad3bf7aff444","name":"Karol","image":{"@type":"ImageObject","inLanguage":"pl-PL","@id":"https:\/\/secure.gravatar.com\/avatar\/0f5b9c196349a42eed98cb7f5c7749512080f111047352f2ec2579a0183e06e1?s=96&d=mm&r=g","url":"https:\/\/secure.gravatar.com\/avatar\/0f5b9c196349a42eed98cb7f5c7749512080f111047352f2ec2579a0183e06e1?s=96&d=mm&r=g","contentUrl":"https:\/\/secure.gravatar.com\/avatar\/0f5b9c196349a42eed98cb7f5c7749512080f111047352f2ec2579a0183e06e1?s=96&d=mm&r=g","caption":"Karol"},"url":"https:\/\/ekoporty.szczecin.pl\/?author=7"}]}},"jetpack_publicize_connections":[],"jetpack_featured_media_url":"https:\/\/ekoporty.szczecin.pl\/wp-content\/uploads\/2019\/10\/FullSizeRender.jpg","jetpack_sharing_enabled":true,"jetpack_shortlink":"https:\/\/wp.me\/p8ZWwp-6h9","_links":{"self":[{"href":"https:\/\/ekoporty.szczecin.pl\/index.php?rest_route=\/wp\/v2\/posts\/24127","targetHints":{"allow":["GET"]}}],"collection":[{"href":"https:\/\/ekoporty.szczecin.pl\/index.php?rest_route=\/wp\/v2\/posts"}],"about":[{"href":"https:\/\/ekoporty.szczecin.pl\/index.php?rest_route=\/wp\/v2\/types\/post"}],"author":[{"embeddable":true,"href":"https:\/\/ekoporty.szczecin.pl\/index.php?rest_route=\/wp\/v2\/users\/7"}],"replies":[{"embeddable":true,"href":"https:\/\/ekoporty.szczecin.pl\/index.php?rest_route=%2Fwp%2Fv2%2Fcomments&post=24127"}],"version-history":[{"count":6,"href":"https:\/\/ekoporty.szczecin.pl\/index.php?rest_route=\/wp\/v2\/posts\/24127\/revisions"}],"predecessor-version":[{"id":24135,"href":"https:\/\/ekoporty.szczecin.pl\/index.php?rest_route=\/wp\/v2\/posts\/24127\/revisions\/24135"}],"wp:featuredmedia":[{"embeddable":true,"href":"https:\/\/ekoporty.szczecin.pl\/index.php?rest_route=\/wp\/v2\/media\/24129"}],"wp:attachment":[{"href":"https:\/\/ekoporty.szczecin.pl\/index.php?rest_route=%2Fwp%2Fv2%2Fmedia&parent=24127"}],"wp:term":[{"taxonomy":"category","embeddable":true,"href":"https:\/\/ekoporty.szczecin.pl\/index.php?rest_route=%2Fwp%2Fv2%2Fcategories&post=24127"},{"taxonomy":"post_tag","embeddable":true,"href":"https:\/\/ekoporty.szczecin.pl\/index.php?rest_route=%2Fwp%2Fv2%2Ftags&post=24127"}],"curies":[{"name":"wp","href":"https:\/\/api.w.org\/{rel}","templated":true}]}}