{"id":24917,"date":"2020-01-28T12:06:29","date_gmt":"2020-01-28T11:06:29","guid":{"rendered":"http:\/\/ekoporty.szczecin.pl\/?p=24917"},"modified":"2020-01-28T12:06:29","modified_gmt":"2020-01-28T11:06:29","slug":"styczniowy-szpargalek-zapraszamy","status":"publish","type":"post","link":"https:\/\/ekoporty.szczecin.pl\/?p=24917","title":{"rendered":"Styczniowy Szparga\u0142ek. Zapraszamy!"},"content":{"rendered":"<p style=\"text-align: justify;\"><strong>Przed nam pierwsza tegoroczna \u015broda charytatywnej Galerii Szparga\u0142ek. Magazyny znajduj\u0105ce si\u0119 w Ekoporcie przy ulicy Arko\u0144skiej czekaj\u0105 ju\u017c na jutrzejszych go\u015bci.<\/strong><\/p>\n<p style=\"text-align: justify;\"><!--more-->Galeria zostanie otwarta w \u015brod\u0119 o godzinie 11. Szpera\u0107 na p\u00f3\u0142kach b\u0119dzie mo\u017cna do godziny 14:00. Wtedy nast\u0105pi godzinna przerwa, podczas kt\u00f3rej pracownicy uzupe\u0142ni\u0105 braki. W obu pomieszczeniach dostawione b\u0119d\u0105 kolejne, niekiedy bardzo cenne przedmioty, jak naczynia, porcelan<span class=\"text_exposed_show\">a, zabawki, czy ksi\u0105\u017cki. Maksymalny koszt ka\u017cdej z rzeczy wyniesie 25 z\u0142otych. Wybrany przedmiot b\u0119dzie mo\u017cna zabra\u0107 do domu po okazaniu pracownikowi dowodu wp\u0142aty na konto organizacji po\u017cytku publicznego. Szparga\u0142ek b\u0119dzie czynny do godziny 18.<\/span><\/p>\n<p style=\"text-align: justify;\">Podczas tej edycji, przygotowana zosta\u0142a bogata oferta filmowa i muzyczna (CD-DVD). Jak zwykle na p\u00f3\u0142kach go\u015bci\u0107 b\u0119d\u0105 polskie wyroby porcelanowe (g\u0142\u00f3wnie PRL) oraz hotelowe naczynia (ORBIS)!<\/p>\n<p style=\"text-align: justify;\">Dla najm\u0142odszych dost\u0119pne do nabycia b\u0119d\u0105 zabawki oraz puzzle i uk\u0142adanki. Nie zabraknie te\u017c akcent\u00f3w dekoracyjnych w postaci lampek z bajkowymi akcentami oraz obrazk\u00f3w.<\/p>\n<p style=\"text-align: justify;\">Mi\u0142o\u015bnicy literatury znajd\u0105 dla siebie setki ksi\u0105\u017cek o najr\u00f3\u017cniejszej tematyce.<\/p>\n<p style=\"text-align: justify;\">Na szczeg\u00f3ln\u0105 uwag\u0119, zas\u0142uguj\u0119\u00a0 bogata oferta r\u0119cznie malowanych obraz\u00f3w, kt\u00f3re ozdobi\u0105 ka\u017cde pomieszczenie.<\/p>\n<p style=\"text-align: justify;\">Seniorzy oraz osoby o szczeg\u00f3lnych potrzebach, b\u0119d\u0105 mogli zaopatrzy\u0107 si\u0119 w w\u00f3zek inwalidzki, nak\u0142adki toaletowe oraz siedzisko na wann\u0119.<\/p>\n<p style=\"text-align: justify;\">Wykaz produkt\u00f3w dost\u0119pny r\u00f3wnie\u017c <a href=\"https:\/\/ekoporty.szczecin.pl\/?page_id=45\">TU<\/a><\/p>\n<h2>Pomieszczenie #1 (MA\u0141Y GARA\u017b)<\/h2>\n<p><strong>Zdj\u0119cie panoramiczne #1<\/strong><\/p>\n\n      <div class=\"easy-panorama\"\n        data-graceful-failure=\"1\"\n        data-failure-message=\"Scroll left\/right to pan through panorama.\"\n        data-failure-message-insert=\"after\"\n        data-meta=\"\"\n        data-minimum-overflow=\"0\"\n        data-start-position=\"0.5\"\n        data-minimum-overflow=\"0\"\n        style=\"height:400px\">\n        <img decoding=\"async\" src=\"https:\/\/ekoporty.szczecin.pl\/wp-content\/uploads\/2020\/01\/IMG_4076-scaled.jpg\" title=\"IMG_4076\" alt=\"\">\n      <\/div>\n    \n<p><strong>Zdj\u0119cie panoramiczne #2<\/strong><\/p>\n\n      <div class=\"easy-panorama\"\n        data-graceful-failure=\"1\"\n        data-failure-message=\"Scroll left\/right to pan through panorama.\"\n        data-failure-message-insert=\"after\"\n        data-meta=\"\"\n        data-minimum-overflow=\"0\"\n        data-start-position=\"0.5\"\n        data-minimum-overflow=\"0\"\n        style=\"height:400px\">\n        <img decoding=\"async\" src=\"https:\/\/ekoporty.szczecin.pl\/wp-content\/uploads\/2020\/01\/IMG_4077-scaled.jpg\" title=\"IMG_4077\" alt=\"\">\n      <\/div>\n    \n<p><strong>Zdj\u0119cie panoramiczne #3<\/strong><\/p>\n\n      <div class=\"easy-panorama\"\n        data-graceful-failure=\"1\"\n        data-failure-message=\"Scroll left\/right to pan through panorama.\"\n        data-failure-message-insert=\"after\"\n        data-meta=\"\"\n        data-minimum-overflow=\"0\"\n        data-start-position=\"0.5\"\n        data-minimum-overflow=\"0\"\n        style=\"height:400px\">\n        <img decoding=\"async\" src=\"https:\/\/ekoporty.szczecin.pl\/wp-content\/uploads\/2020\/01\/IMG_4078-scaled.jpg\" title=\"IMG_4078\" alt=\"\">\n      <\/div>\n    \n<h2>Pomieszczenie #2 (GARA\u017b)<\/h2>\n<p><strong>Zdj\u0119cie panoramiczne #1a<\/strong><\/p>\n\n      <div class=\"easy-panorama\"\n        data-graceful-failure=\"1\"\n        data-failure-message=\"Scroll left\/right to pan through panorama.\"\n        data-failure-message-insert=\"after\"\n        data-meta=\"\"\n        data-minimum-overflow=\"0\"\n        data-start-position=\"0.5\"\n        data-minimum-overflow=\"0\"\n        style=\"height:400px\">\n        <img decoding=\"async\" src=\"https:\/\/ekoporty.szczecin.pl\/wp-content\/uploads\/2020\/01\/IMG_4079-scaled.jpg\" title=\"IMG_4079\" alt=\"\">\n      <\/div>\n    \n<p><strong>Zdj\u0119cie panoramiczne #2a<\/strong><\/p>\n\n      <div class=\"easy-panorama\"\n        data-graceful-failure=\"1\"\n        data-failure-message=\"Scroll left\/right to pan through panorama.\"\n        data-failure-message-insert=\"after\"\n        data-meta=\"\"\n        data-minimum-overflow=\"0\"\n        data-start-position=\"0.5\"\n        data-minimum-overflow=\"0\"\n        style=\"height:400px\">\n        <img decoding=\"async\" src=\"https:\/\/ekoporty.szczecin.pl\/wp-content\/uploads\/2020\/01\/IMG_4080-scaled.jpg\" title=\"IMG_4080\" alt=\"\">\n      <\/div>\n    \n<p><strong>Zdj\u0119cie panoramiczne #3a<\/strong><\/p>\n\n      <div class=\"easy-panorama\"\n        data-graceful-failure=\"1\"\n        data-failure-message=\"Scroll left\/right to pan through panorama.\"\n        data-failure-message-insert=\"after\"\n        data-meta=\"\"\n        data-minimum-overflow=\"0\"\n        data-start-position=\"0.5\"\n        data-minimum-overflow=\"0\"\n        style=\"height:400px\">\n        <img decoding=\"async\" src=\"https:\/\/ekoporty.szczecin.pl\/wp-content\/uploads\/2020\/01\/IMG_4081-scaled.jpg\" title=\"IMG_4081\" alt=\"\">\n      <\/div>\n    \n<p><strong>Zdj\u0119cie panoramiczne #4a<\/strong><\/p>\n\n      <div class=\"easy-panorama\"\n        data-graceful-failure=\"1\"\n        data-failure-message=\"Scroll left\/right to pan through panorama.\"\n        data-failure-message-insert=\"after\"\n        data-meta=\"\"\n        data-minimum-overflow=\"0\"\n        data-start-position=\"0.5\"\n        data-minimum-overflow=\"0\"\n        style=\"height:400px\">\n        <img decoding=\"async\" src=\"https:\/\/ekoporty.szczecin.pl\/wp-content\/uploads\/2020\/01\/IMG_4082-scaled.jpg\" title=\"IMG_4082\" alt=\"\">\n      <\/div>\n    \n<p>&nbsp;<\/p>\n<p><strong>Pobierz zdj\u0119cia:<\/strong><\/p>\n<p><strong>Pomieszczenie#1<\/strong><\/p>\n<a  data-e-Disable-Page-Transition=\"true\" class=\"download-link\" title=\"\" href=\"https:\/\/ekoporty.szczecin.pl?download=24926&amp;tmstv=1777607768\" rel=\"nofollow\" id=\"download-link-24926\" data-redirect=\"false\" >\n\tIMG_4076.jpg\t(1654 pobrania\t)\n<\/a>\n\n<a  data-e-Disable-Page-Transition=\"true\" class=\"download-link\" title=\"\" href=\"https:\/\/ekoporty.szczecin.pl?download=24929&amp;tmstv=1777607768\" rel=\"nofollow\" id=\"download-link-24929\" data-redirect=\"false\" >\n\tIMG_4077-scaled.jpg\t(1614 pobra\u0144\t)\n<\/a>\n\n<a  data-e-Disable-Page-Transition=\"true\" class=\"download-link\" title=\"\" href=\"https:\/\/ekoporty.szczecin.pl?download=24932&amp;tmstv=1777607768\" rel=\"nofollow\" id=\"download-link-24932\" data-redirect=\"false\" >\n\tIMG_4078-scaled.jpg\t(1441 pobra\u0144\t)\n<\/a>\n\n<p><strong>Pomieszczenie#2<\/strong><\/p>\n<a  data-e-Disable-Page-Transition=\"true\" class=\"download-link\" title=\"\" href=\"https:\/\/ekoporty.szczecin.pl?download=24935&amp;tmstv=1777607768\" rel=\"nofollow\" id=\"download-link-24935\" data-redirect=\"false\" >\n\tIMG_4079-scaled.jpg\t(1475 pobra\u0144\t)\n<\/a>\n\n<a  data-e-Disable-Page-Transition=\"true\" class=\"download-link\" title=\"\" href=\"https:\/\/ekoporty.szczecin.pl?download=24938&amp;tmstv=1777607768\" rel=\"nofollow\" id=\"download-link-24938\" data-redirect=\"false\" >\n\tIMG_4080-scaled.jpg\t(1470 pobra\u0144\t)\n<\/a>\n\n<a  data-e-Disable-Page-Transition=\"true\" class=\"download-link\" title=\"\" href=\"https:\/\/ekoporty.szczecin.pl?download=24941&amp;tmstv=1777607768\" rel=\"nofollow\" id=\"download-link-24941\" data-redirect=\"false\" >\n\tIMG_4081-scaled.jpg\t(1446 pobra\u0144\t)\n<\/a>\n\n<a  data-e-Disable-Page-Transition=\"true\" class=\"download-link\" title=\"\" href=\"https:\/\/ekoporty.szczecin.pl?download=24947&amp;tmstv=1777607768\" rel=\"nofollow\" id=\"download-link-24947\" data-redirect=\"false\" >\n\tIMG_4082-1-scaled.jpg\t(1393 pobrania\t)\n<\/a>\n\n<p>&nbsp;<\/p>\n","protected":false},"excerpt":{"rendered":"<p>Przed nam pierwsza tegoroczna \u015broda charytatywnej Galerii Szparga\u0142ek. Magazyny znajduj\u0105ce si\u0119 w Ekoporcie przy ulicy Arko\u0144skiej czekaj\u0105 ju\u017c na jutrzejszych go\u015bci.<\/p>\n","protected":false},"author":7,"featured_media":24951,"comment_status":"closed","ping_status":"closed","sticky":false,"template":"","format":"standard","meta":{"_jetpack_memberships_contains_paid_content":false,"footnotes":"","jetpack_publicize_message":"","jetpack_publicize_feature_enabled":true,"jetpack_social_post_already_shared":true,"jetpack_social_options":{"image_generator_settings":{"template":"highway","default_image_id":0,"font":"","enabled":false},"version":2}},"categories":[1],"tags":[],"class_list":["post-24917","post","type-post","status-publish","format-standard","has-post-thumbnail","hentry","category-bez-kategorii"],"yoast_head":"<!-- This site is optimized with the Yoast SEO plugin v27.5 - https:\/\/yoast.com\/product\/yoast-seo-wordpress\/ -->\n<title>Styczniowy Szparga\u0142ek. Zapraszamy! &#171; EKOPORTY SZCZECIN<\/title>\n<meta name=\"robots\" content=\"index, follow, max-snippet:-1, max-image-preview:large, max-video-preview:-1\" \/>\n<link rel=\"canonical\" href=\"https:\/\/ekoporty.szczecin.pl\/?p=24917\" \/>\n<meta property=\"og:locale\" content=\"pl_PL\" \/>\n<meta property=\"og:type\" content=\"article\" \/>\n<meta property=\"og:title\" content=\"Styczniowy Szparga\u0142ek. Zapraszamy! &#171; EKOPORTY SZCZECIN\" \/>\n<meta property=\"og:description\" content=\"Przed nam pierwsza tegoroczna \u015broda charytatywnej Galerii Szparga\u0142ek. Magazyny znajduj\u0105ce si\u0119 w Ekoporcie przy ulicy Arko\u0144skiej czekaj\u0105 ju\u017c na jutrzejszych go\u015bci.\" \/>\n<meta property=\"og:url\" content=\"https:\/\/ekoporty.szczecin.pl\/?p=24917\" \/>\n<meta property=\"og:site_name\" content=\"EKOPORTY SZCZECIN\" \/>\n<meta property=\"article:published_time\" content=\"2020-01-28T11:06:29+00:00\" \/>\n<meta property=\"og:image\" content=\"https:\/\/ekoporty.szczecin.pl\/wp-content\/uploads\/2020\/01\/IMG_4087-scaled.jpg\" \/>\n\t<meta property=\"og:image:width\" content=\"2560\" \/>\n\t<meta property=\"og:image:height\" content=\"1920\" \/>\n\t<meta property=\"og:image:type\" content=\"image\/jpeg\" \/>\n<meta name=\"author\" content=\"Karol\" \/>\n<meta name=\"twitter:card\" content=\"summary_large_image\" \/>\n<meta name=\"twitter:label1\" content=\"Napisane przez\" \/>\n\t<meta name=\"twitter:data1\" content=\"Karol\" \/>\n\t<meta name=\"twitter:label2\" content=\"Szacowany czas czytania\" \/>\n\t<meta name=\"twitter:data2\" content=\"2 minuty\" \/>\n<script type=\"application\/ld+json\" class=\"yoast-schema-graph\">{\"@context\":\"https:\\\/\\\/schema.org\",\"@graph\":[{\"@type\":\"Article\",\"@id\":\"https:\\\/\\\/ekoporty.szczecin.pl\\\/?p=24917#article\",\"isPartOf\":{\"@id\":\"https:\\\/\\\/ekoporty.szczecin.pl\\\/?p=24917\"},\"author\":{\"name\":\"Karol\",\"@id\":\"https:\\\/\\\/ekoporty.szczecin.pl\\\/#\\\/schema\\\/person\\\/227a44bf75721f95d393ad3bf7aff444\"},\"headline\":\"Styczniowy Szparga\u0142ek. Zapraszamy!\",\"datePublished\":\"2020-01-28T11:06:29+00:00\",\"mainEntityOfPage\":{\"@id\":\"https:\\\/\\\/ekoporty.szczecin.pl\\\/?p=24917\"},\"wordCount\":311,\"publisher\":{\"@id\":\"https:\\\/\\\/ekoporty.szczecin.pl\\\/#organization\"},\"image\":{\"@id\":\"https:\\\/\\\/ekoporty.szczecin.pl\\\/?p=24917#primaryimage\"},\"thumbnailUrl\":\"https:\\\/\\\/ekoporty.szczecin.pl\\\/wp-content\\\/uploads\\\/2020\\\/01\\\/IMG_4087-scaled.jpg\",\"inLanguage\":\"pl-PL\"},{\"@type\":\"WebPage\",\"@id\":\"https:\\\/\\\/ekoporty.szczecin.pl\\\/?p=24917\",\"url\":\"https:\\\/\\\/ekoporty.szczecin.pl\\\/?p=24917\",\"name\":\"Styczniowy Szparga\u0142ek. Zapraszamy! &#171; EKOPORTY SZCZECIN\",\"isPartOf\":{\"@id\":\"https:\\\/\\\/ekoporty.szczecin.pl\\\/#website\"},\"primaryImageOfPage\":{\"@id\":\"https:\\\/\\\/ekoporty.szczecin.pl\\\/?p=24917#primaryimage\"},\"image\":{\"@id\":\"https:\\\/\\\/ekoporty.szczecin.pl\\\/?p=24917#primaryimage\"},\"thumbnailUrl\":\"https:\\\/\\\/ekoporty.szczecin.pl\\\/wp-content\\\/uploads\\\/2020\\\/01\\\/IMG_4087-scaled.jpg\",\"datePublished\":\"2020-01-28T11:06:29+00:00\",\"breadcrumb\":{\"@id\":\"https:\\\/\\\/ekoporty.szczecin.pl\\\/?p=24917#breadcrumb\"},\"inLanguage\":\"pl-PL\",\"potentialAction\":[{\"@type\":\"ReadAction\",\"target\":[\"https:\\\/\\\/ekoporty.szczecin.pl\\\/?p=24917\"]}]},{\"@type\":\"ImageObject\",\"inLanguage\":\"pl-PL\",\"@id\":\"https:\\\/\\\/ekoporty.szczecin.pl\\\/?p=24917#primaryimage\",\"url\":\"https:\\\/\\\/ekoporty.szczecin.pl\\\/wp-content\\\/uploads\\\/2020\\\/01\\\/IMG_4087-scaled.jpg\",\"contentUrl\":\"https:\\\/\\\/ekoporty.szczecin.pl\\\/wp-content\\\/uploads\\\/2020\\\/01\\\/IMG_4087-scaled.jpg\",\"width\":2560,\"height\":1920},{\"@type\":\"BreadcrumbList\",\"@id\":\"https:\\\/\\\/ekoporty.szczecin.pl\\\/?p=24917#breadcrumb\",\"itemListElement\":[{\"@type\":\"ListItem\",\"position\":1,\"name\":\"Strona g\u0142\u00f3wna\",\"item\":\"https:\\\/\\\/ekoporty.szczecin.pl\\\/\"},{\"@type\":\"ListItem\",\"position\":2,\"name\":\"Styczniowy Szparga\u0142ek. Zapraszamy!\"}]},{\"@type\":\"WebSite\",\"@id\":\"https:\\\/\\\/ekoporty.szczecin.pl\\\/#website\",\"url\":\"https:\\\/\\\/ekoporty.szczecin.pl\\\/\",\"name\":\"Ekoporty\",\"description\":\"ZUK Szczecin - Punkty Selektywnej Zbi\u00f3rki Odpad\u00f3w Komunalnych - Zapraszamy\",\"publisher\":{\"@id\":\"https:\\\/\\\/ekoporty.szczecin.pl\\\/#organization\"},\"potentialAction\":[{\"@type\":\"SearchAction\",\"target\":{\"@type\":\"EntryPoint\",\"urlTemplate\":\"https:\\\/\\\/ekoporty.szczecin.pl\\\/?s={search_term_string}\"},\"query-input\":{\"@type\":\"PropertyValueSpecification\",\"valueRequired\":true,\"valueName\":\"search_term_string\"}}],\"inLanguage\":\"pl-PL\"},{\"@type\":\"Organization\",\"@id\":\"https:\\\/\\\/ekoporty.szczecin.pl\\\/#organization\",\"name\":\"Zak\u0142ad Us\u0142ug Komunalnych Szczecin\",\"url\":\"https:\\\/\\\/ekoporty.szczecin.pl\\\/\",\"logo\":{\"@type\":\"ImageObject\",\"inLanguage\":\"pl-PL\",\"@id\":\"https:\\\/\\\/ekoporty.szczecin.pl\\\/#\\\/schema\\\/logo\\\/image\\\/\",\"url\":\"http:\\\/\\\/ekoporty.szczecin.pl\\\/wp-content\\\/uploads\\\/2018\\\/03\\\/logo5.jpg\",\"contentUrl\":\"http:\\\/\\\/ekoporty.szczecin.pl\\\/wp-content\\\/uploads\\\/2018\\\/03\\\/logo5.jpg\",\"width\":260,\"height\":66,\"caption\":\"Zak\u0142ad Us\u0142ug Komunalnych Szczecin\"},\"image\":{\"@id\":\"https:\\\/\\\/ekoporty.szczecin.pl\\\/#\\\/schema\\\/logo\\\/image\\\/\"}},{\"@type\":\"Person\",\"@id\":\"https:\\\/\\\/ekoporty.szczecin.pl\\\/#\\\/schema\\\/person\\\/227a44bf75721f95d393ad3bf7aff444\",\"name\":\"Karol\",\"image\":{\"@type\":\"ImageObject\",\"inLanguage\":\"pl-PL\",\"@id\":\"https:\\\/\\\/secure.gravatar.com\\\/avatar\\\/0f5b9c196349a42eed98cb7f5c7749512080f111047352f2ec2579a0183e06e1?s=96&d=mm&r=g\",\"url\":\"https:\\\/\\\/secure.gravatar.com\\\/avatar\\\/0f5b9c196349a42eed98cb7f5c7749512080f111047352f2ec2579a0183e06e1?s=96&d=mm&r=g\",\"contentUrl\":\"https:\\\/\\\/secure.gravatar.com\\\/avatar\\\/0f5b9c196349a42eed98cb7f5c7749512080f111047352f2ec2579a0183e06e1?s=96&d=mm&r=g\",\"caption\":\"Karol\"},\"url\":\"https:\\\/\\\/ekoporty.szczecin.pl\\\/?author=7\"}]}<\/script>\n<!-- \/ Yoast SEO plugin. -->","yoast_head_json":{"title":"Styczniowy Szparga\u0142ek. Zapraszamy! &#171; EKOPORTY SZCZECIN","robots":{"index":"index","follow":"follow","max-snippet":"max-snippet:-1","max-image-preview":"max-image-preview:large","max-video-preview":"max-video-preview:-1"},"canonical":"https:\/\/ekoporty.szczecin.pl\/?p=24917","og_locale":"pl_PL","og_type":"article","og_title":"Styczniowy Szparga\u0142ek. Zapraszamy! &#171; EKOPORTY SZCZECIN","og_description":"Przed nam pierwsza tegoroczna \u015broda charytatywnej Galerii Szparga\u0142ek. Magazyny znajduj\u0105ce si\u0119 w Ekoporcie przy ulicy Arko\u0144skiej czekaj\u0105 ju\u017c na jutrzejszych go\u015bci.","og_url":"https:\/\/ekoporty.szczecin.pl\/?p=24917","og_site_name":"EKOPORTY SZCZECIN","article_published_time":"2020-01-28T11:06:29+00:00","og_image":[{"width":2560,"height":1920,"url":"https:\/\/ekoporty.szczecin.pl\/wp-content\/uploads\/2020\/01\/IMG_4087-scaled.jpg","type":"image\/jpeg"}],"author":"Karol","twitter_card":"summary_large_image","twitter_misc":{"Napisane przez":"Karol","Szacowany czas czytania":"2 minuty"},"schema":{"@context":"https:\/\/schema.org","@graph":[{"@type":"Article","@id":"https:\/\/ekoporty.szczecin.pl\/?p=24917#article","isPartOf":{"@id":"https:\/\/ekoporty.szczecin.pl\/?p=24917"},"author":{"name":"Karol","@id":"https:\/\/ekoporty.szczecin.pl\/#\/schema\/person\/227a44bf75721f95d393ad3bf7aff444"},"headline":"Styczniowy Szparga\u0142ek. Zapraszamy!","datePublished":"2020-01-28T11:06:29+00:00","mainEntityOfPage":{"@id":"https:\/\/ekoporty.szczecin.pl\/?p=24917"},"wordCount":311,"publisher":{"@id":"https:\/\/ekoporty.szczecin.pl\/#organization"},"image":{"@id":"https:\/\/ekoporty.szczecin.pl\/?p=24917#primaryimage"},"thumbnailUrl":"https:\/\/ekoporty.szczecin.pl\/wp-content\/uploads\/2020\/01\/IMG_4087-scaled.jpg","inLanguage":"pl-PL"},{"@type":"WebPage","@id":"https:\/\/ekoporty.szczecin.pl\/?p=24917","url":"https:\/\/ekoporty.szczecin.pl\/?p=24917","name":"Styczniowy Szparga\u0142ek. Zapraszamy! &#171; EKOPORTY SZCZECIN","isPartOf":{"@id":"https:\/\/ekoporty.szczecin.pl\/#website"},"primaryImageOfPage":{"@id":"https:\/\/ekoporty.szczecin.pl\/?p=24917#primaryimage"},"image":{"@id":"https:\/\/ekoporty.szczecin.pl\/?p=24917#primaryimage"},"thumbnailUrl":"https:\/\/ekoporty.szczecin.pl\/wp-content\/uploads\/2020\/01\/IMG_4087-scaled.jpg","datePublished":"2020-01-28T11:06:29+00:00","breadcrumb":{"@id":"https:\/\/ekoporty.szczecin.pl\/?p=24917#breadcrumb"},"inLanguage":"pl-PL","potentialAction":[{"@type":"ReadAction","target":["https:\/\/ekoporty.szczecin.pl\/?p=24917"]}]},{"@type":"ImageObject","inLanguage":"pl-PL","@id":"https:\/\/ekoporty.szczecin.pl\/?p=24917#primaryimage","url":"https:\/\/ekoporty.szczecin.pl\/wp-content\/uploads\/2020\/01\/IMG_4087-scaled.jpg","contentUrl":"https:\/\/ekoporty.szczecin.pl\/wp-content\/uploads\/2020\/01\/IMG_4087-scaled.jpg","width":2560,"height":1920},{"@type":"BreadcrumbList","@id":"https:\/\/ekoporty.szczecin.pl\/?p=24917#breadcrumb","itemListElement":[{"@type":"ListItem","position":1,"name":"Strona g\u0142\u00f3wna","item":"https:\/\/ekoporty.szczecin.pl\/"},{"@type":"ListItem","position":2,"name":"Styczniowy Szparga\u0142ek. Zapraszamy!"}]},{"@type":"WebSite","@id":"https:\/\/ekoporty.szczecin.pl\/#website","url":"https:\/\/ekoporty.szczecin.pl\/","name":"Ekoporty","description":"ZUK Szczecin - Punkty Selektywnej Zbi\u00f3rki Odpad\u00f3w Komunalnych - Zapraszamy","publisher":{"@id":"https:\/\/ekoporty.szczecin.pl\/#organization"},"potentialAction":[{"@type":"SearchAction","target":{"@type":"EntryPoint","urlTemplate":"https:\/\/ekoporty.szczecin.pl\/?s={search_term_string}"},"query-input":{"@type":"PropertyValueSpecification","valueRequired":true,"valueName":"search_term_string"}}],"inLanguage":"pl-PL"},{"@type":"Organization","@id":"https:\/\/ekoporty.szczecin.pl\/#organization","name":"Zak\u0142ad Us\u0142ug Komunalnych Szczecin","url":"https:\/\/ekoporty.szczecin.pl\/","logo":{"@type":"ImageObject","inLanguage":"pl-PL","@id":"https:\/\/ekoporty.szczecin.pl\/#\/schema\/logo\/image\/","url":"http:\/\/ekoporty.szczecin.pl\/wp-content\/uploads\/2018\/03\/logo5.jpg","contentUrl":"http:\/\/ekoporty.szczecin.pl\/wp-content\/uploads\/2018\/03\/logo5.jpg","width":260,"height":66,"caption":"Zak\u0142ad Us\u0142ug Komunalnych Szczecin"},"image":{"@id":"https:\/\/ekoporty.szczecin.pl\/#\/schema\/logo\/image\/"}},{"@type":"Person","@id":"https:\/\/ekoporty.szczecin.pl\/#\/schema\/person\/227a44bf75721f95d393ad3bf7aff444","name":"Karol","image":{"@type":"ImageObject","inLanguage":"pl-PL","@id":"https:\/\/secure.gravatar.com\/avatar\/0f5b9c196349a42eed98cb7f5c7749512080f111047352f2ec2579a0183e06e1?s=96&d=mm&r=g","url":"https:\/\/secure.gravatar.com\/avatar\/0f5b9c196349a42eed98cb7f5c7749512080f111047352f2ec2579a0183e06e1?s=96&d=mm&r=g","contentUrl":"https:\/\/secure.gravatar.com\/avatar\/0f5b9c196349a42eed98cb7f5c7749512080f111047352f2ec2579a0183e06e1?s=96&d=mm&r=g","caption":"Karol"},"url":"https:\/\/ekoporty.szczecin.pl\/?author=7"}]}},"jetpack_publicize_connections":[],"jetpack_featured_media_url":"https:\/\/ekoporty.szczecin.pl\/wp-content\/uploads\/2020\/01\/IMG_4087-scaled.jpg","jetpack_sharing_enabled":true,"jetpack_shortlink":"https:\/\/wp.me\/p8ZWwp-6tT","_links":{"self":[{"href":"https:\/\/ekoporty.szczecin.pl\/index.php?rest_route=\/wp\/v2\/posts\/24917","targetHints":{"allow":["GET"]}}],"collection":[{"href":"https:\/\/ekoporty.szczecin.pl\/index.php?rest_route=\/wp\/v2\/posts"}],"about":[{"href":"https:\/\/ekoporty.szczecin.pl\/index.php?rest_route=\/wp\/v2\/types\/post"}],"author":[{"embeddable":true,"href":"https:\/\/ekoporty.szczecin.pl\/index.php?rest_route=\/wp\/v2\/users\/7"}],"replies":[{"embeddable":true,"href":"https:\/\/ekoporty.szczecin.pl\/index.php?rest_route=%2Fwp%2Fv2%2Fcomments&post=24917"}],"version-history":[{"count":3,"href":"https:\/\/ekoporty.szczecin.pl\/index.php?rest_route=\/wp\/v2\/posts\/24917\/revisions"}],"predecessor-version":[{"id":24952,"href":"https:\/\/ekoporty.szczecin.pl\/index.php?rest_route=\/wp\/v2\/posts\/24917\/revisions\/24952"}],"wp:featuredmedia":[{"embeddable":true,"href":"https:\/\/ekoporty.szczecin.pl\/index.php?rest_route=\/wp\/v2\/media\/24951"}],"wp:attachment":[{"href":"https:\/\/ekoporty.szczecin.pl\/index.php?rest_route=%2Fwp%2Fv2%2Fmedia&parent=24917"}],"wp:term":[{"taxonomy":"category","embeddable":true,"href":"https:\/\/ekoporty.szczecin.pl\/index.php?rest_route=%2Fwp%2Fv2%2Fcategories&post=24917"},{"taxonomy":"post_tag","embeddable":true,"href":"https:\/\/ekoporty.szczecin.pl\/index.php?rest_route=%2Fwp%2Fv2%2Ftags&post=24917"}],"curies":[{"name":"wp","href":"https:\/\/api.w.org\/{rel}","templated":true}]}}