{"id":28641,"date":"2021-09-17T12:31:24","date_gmt":"2021-09-17T10:31:24","guid":{"rendered":"http:\/\/ekoporty.szczecin.pl\/?p=28641"},"modified":"2021-09-17T12:37:49","modified_gmt":"2021-09-17T10:37:49","slug":"dzieci-z-przedszkola-sloneczna-dolina-odwiedzily-nasz-ekoport","status":"publish","type":"post","link":"https:\/\/ekoporty.szczecin.pl\/?p=28641","title":{"rendered":"Dzieci z Przedszkola S\u0142oneczna Dolina odwiedzi\u0142y nasz Ekoport."},"content":{"rendered":"<p style=\"text-align: justify;\"><strong>Bardzo mi\u0142o by\u0142o nam go\u015bci\u0107 grup\u0119 przedszkolak\u00f3w, odwiedzaj\u0105c\u0105 Ekoport przy ulicy Arko\u0144skiej. Dzieci zobaczy\u0142y jak dzia\u0142a nasz punkt i dowiedzia\u0142y si\u0119 na czym polega selekcja odpad\u00f3w. Pod koniec wycieczki w ramach zabawy, najm\u0142odsi zwa\u017cyli si\u0119 na naszej wadze. Ca\u0142a grupa wa\u017cy\u0142a 1200 kg, czyli prawie tyle ile olbrzymia ci\u0119\u017car\u00f3wka, kt\u00f3r\u0105 dzieci te\u017c zobaczy\u0142y na naszym placu. Bardzo dzi\u0119kujemy za odwiedziny i zapraszamy ponownie. By\u0142o super!<\/strong><\/p>\n","protected":false},"excerpt":{"rendered":"<p>Bardzo mi\u0142o by\u0142o nam go\u015bci\u0107 grup\u0119 przedszkolak\u00f3w, odwiedzaj\u0105c\u0105 Ekoport przy ulicy Arko\u0144skiej. Dzieci zobaczy\u0142y jak dzia\u0142a nasz punkt i dowiedzia\u0142y si\u0119 na czym polega selekcja odpad\u00f3w. Pod koniec wycieczki w ramach zabawy, najm\u0142odsi zwa\u017cyli si\u0119 na naszej wadze. Ca\u0142a grupa wa\u017cy\u0142a 1200 kg, czyli prawie tyle ile olbrzymia ci\u0119\u017car\u00f3wka, kt\u00f3r\u0105 dzieci te\u017c zobaczy\u0142y na naszym &hellip; <a href=\"https:\/\/ekoporty.szczecin.pl\/?p=28641\" class=\"more-link\">Czytaj dalej <span class=\"screen-reader-text\">Dzieci z Przedszkola S\u0142oneczna Dolina odwiedzi\u0142y nasz Ekoport.<\/span><\/a><\/p>\n","protected":false},"author":7,"featured_media":28640,"comment_status":"closed","ping_status":"closed","sticky":false,"template":"","format":"standard","meta":{"_jetpack_memberships_contains_paid_content":false,"footnotes":"","jetpack_publicize_message":"","jetpack_publicize_feature_enabled":true,"jetpack_social_post_already_shared":true,"jetpack_social_options":{"image_generator_settings":{"template":"highway","default_image_id":0,"font":"","enabled":false},"version":2}},"categories":[1],"tags":[],"class_list":["post-28641","post","type-post","status-publish","format-standard","has-post-thumbnail","hentry","category-bez-kategorii"],"yoast_head":"<!-- This site is optimized with the Yoast SEO plugin v27.5 - https:\/\/yoast.com\/product\/yoast-seo-wordpress\/ -->\n<title>Dzieci z Przedszkola S\u0142oneczna Dolina odwiedzi\u0142y nasz Ekoport. &#171; EKOPORTY SZCZECIN<\/title>\n<meta name=\"robots\" content=\"index, follow, max-snippet:-1, max-image-preview:large, max-video-preview:-1\" \/>\n<link rel=\"canonical\" href=\"https:\/\/ekoporty.szczecin.pl\/?p=28641\" \/>\n<meta property=\"og:locale\" content=\"pl_PL\" \/>\n<meta property=\"og:type\" content=\"article\" \/>\n<meta property=\"og:title\" content=\"Dzieci z Przedszkola S\u0142oneczna Dolina odwiedzi\u0142y nasz Ekoport. &#171; EKOPORTY SZCZECIN\" \/>\n<meta property=\"og:description\" content=\"Bardzo mi\u0142o by\u0142o nam go\u015bci\u0107 grup\u0119 przedszkolak\u00f3w, odwiedzaj\u0105c\u0105 Ekoport przy ulicy Arko\u0144skiej. Dzieci zobaczy\u0142y jak dzia\u0142a nasz punkt i dowiedzia\u0142y si\u0119 na czym polega selekcja odpad\u00f3w. Pod koniec wycieczki w ramach zabawy, najm\u0142odsi zwa\u017cyli si\u0119 na naszej wadze. Ca\u0142a grupa wa\u017cy\u0142a 1200 kg, czyli prawie tyle ile olbrzymia ci\u0119\u017car\u00f3wka, kt\u00f3r\u0105 dzieci te\u017c zobaczy\u0142y na naszym &hellip; Czytaj dalej Dzieci z Przedszkola S\u0142oneczna Dolina odwiedzi\u0142y nasz Ekoport.\" \/>\n<meta property=\"og:url\" content=\"https:\/\/ekoporty.szczecin.pl\/?p=28641\" \/>\n<meta property=\"og:site_name\" content=\"EKOPORTY SZCZECIN\" \/>\n<meta property=\"article:published_time\" content=\"2021-09-17T10:31:24+00:00\" \/>\n<meta property=\"article:modified_time\" content=\"2021-09-17T10:37:49+00:00\" \/>\n<meta property=\"og:image\" content=\"https:\/\/ekoporty.szczecin.pl\/wp-content\/uploads\/2021\/09\/IMG_0709.jpg\" \/>\n\t<meta property=\"og:image:width\" content=\"2016\" \/>\n\t<meta property=\"og:image:height\" content=\"1512\" \/>\n\t<meta property=\"og:image:type\" content=\"image\/jpeg\" \/>\n<meta name=\"author\" content=\"Karol\" \/>\n<meta name=\"twitter:card\" content=\"summary_large_image\" \/>\n<meta name=\"twitter:label1\" content=\"Napisane przez\" \/>\n\t<meta name=\"twitter:data1\" content=\"Karol\" \/>\n\t<meta name=\"twitter:label2\" content=\"Szacowany czas czytania\" \/>\n\t<meta name=\"twitter:data2\" content=\"1 minuta\" \/>\n<script type=\"application\/ld+json\" class=\"yoast-schema-graph\">{\"@context\":\"https:\\\/\\\/schema.org\",\"@graph\":[{\"@type\":\"Article\",\"@id\":\"https:\\\/\\\/ekoporty.szczecin.pl\\\/?p=28641#article\",\"isPartOf\":{\"@id\":\"https:\\\/\\\/ekoporty.szczecin.pl\\\/?p=28641\"},\"author\":{\"name\":\"Karol\",\"@id\":\"https:\\\/\\\/ekoporty.szczecin.pl\\\/#\\\/schema\\\/person\\\/227a44bf75721f95d393ad3bf7aff444\"},\"headline\":\"Dzieci z Przedszkola S\u0142oneczna Dolina odwiedzi\u0142y nasz Ekoport.\",\"datePublished\":\"2021-09-17T10:31:24+00:00\",\"dateModified\":\"2021-09-17T10:37:49+00:00\",\"mainEntityOfPage\":{\"@id\":\"https:\\\/\\\/ekoporty.szczecin.pl\\\/?p=28641\"},\"wordCount\":95,\"publisher\":{\"@id\":\"https:\\\/\\\/ekoporty.szczecin.pl\\\/#organization\"},\"image\":{\"@id\":\"https:\\\/\\\/ekoporty.szczecin.pl\\\/?p=28641#primaryimage\"},\"thumbnailUrl\":\"https:\\\/\\\/ekoporty.szczecin.pl\\\/wp-content\\\/uploads\\\/2021\\\/09\\\/IMG_0709.jpg\",\"inLanguage\":\"pl-PL\"},{\"@type\":\"WebPage\",\"@id\":\"https:\\\/\\\/ekoporty.szczecin.pl\\\/?p=28641\",\"url\":\"https:\\\/\\\/ekoporty.szczecin.pl\\\/?p=28641\",\"name\":\"Dzieci z Przedszkola S\u0142oneczna Dolina odwiedzi\u0142y nasz Ekoport. &#171; EKOPORTY SZCZECIN\",\"isPartOf\":{\"@id\":\"https:\\\/\\\/ekoporty.szczecin.pl\\\/#website\"},\"primaryImageOfPage\":{\"@id\":\"https:\\\/\\\/ekoporty.szczecin.pl\\\/?p=28641#primaryimage\"},\"image\":{\"@id\":\"https:\\\/\\\/ekoporty.szczecin.pl\\\/?p=28641#primaryimage\"},\"thumbnailUrl\":\"https:\\\/\\\/ekoporty.szczecin.pl\\\/wp-content\\\/uploads\\\/2021\\\/09\\\/IMG_0709.jpg\",\"datePublished\":\"2021-09-17T10:31:24+00:00\",\"dateModified\":\"2021-09-17T10:37:49+00:00\",\"breadcrumb\":{\"@id\":\"https:\\\/\\\/ekoporty.szczecin.pl\\\/?p=28641#breadcrumb\"},\"inLanguage\":\"pl-PL\",\"potentialAction\":[{\"@type\":\"ReadAction\",\"target\":[\"https:\\\/\\\/ekoporty.szczecin.pl\\\/?p=28641\"]}]},{\"@type\":\"ImageObject\",\"inLanguage\":\"pl-PL\",\"@id\":\"https:\\\/\\\/ekoporty.szczecin.pl\\\/?p=28641#primaryimage\",\"url\":\"https:\\\/\\\/ekoporty.szczecin.pl\\\/wp-content\\\/uploads\\\/2021\\\/09\\\/IMG_0709.jpg\",\"contentUrl\":\"https:\\\/\\\/ekoporty.szczecin.pl\\\/wp-content\\\/uploads\\\/2021\\\/09\\\/IMG_0709.jpg\",\"width\":2016,\"height\":1512},{\"@type\":\"BreadcrumbList\",\"@id\":\"https:\\\/\\\/ekoporty.szczecin.pl\\\/?p=28641#breadcrumb\",\"itemListElement\":[{\"@type\":\"ListItem\",\"position\":1,\"name\":\"Strona g\u0142\u00f3wna\",\"item\":\"https:\\\/\\\/ekoporty.szczecin.pl\\\/\"},{\"@type\":\"ListItem\",\"position\":2,\"name\":\"Dzieci z Przedszkola S\u0142oneczna Dolina odwiedzi\u0142y nasz Ekoport.\"}]},{\"@type\":\"WebSite\",\"@id\":\"https:\\\/\\\/ekoporty.szczecin.pl\\\/#website\",\"url\":\"https:\\\/\\\/ekoporty.szczecin.pl\\\/\",\"name\":\"Ekoporty\",\"description\":\"ZUK Szczecin - Punkty Selektywnej Zbi\u00f3rki Odpad\u00f3w Komunalnych - Zapraszamy\",\"publisher\":{\"@id\":\"https:\\\/\\\/ekoporty.szczecin.pl\\\/#organization\"},\"potentialAction\":[{\"@type\":\"SearchAction\",\"target\":{\"@type\":\"EntryPoint\",\"urlTemplate\":\"https:\\\/\\\/ekoporty.szczecin.pl\\\/?s={search_term_string}\"},\"query-input\":{\"@type\":\"PropertyValueSpecification\",\"valueRequired\":true,\"valueName\":\"search_term_string\"}}],\"inLanguage\":\"pl-PL\"},{\"@type\":\"Organization\",\"@id\":\"https:\\\/\\\/ekoporty.szczecin.pl\\\/#organization\",\"name\":\"Zak\u0142ad Us\u0142ug Komunalnych Szczecin\",\"url\":\"https:\\\/\\\/ekoporty.szczecin.pl\\\/\",\"logo\":{\"@type\":\"ImageObject\",\"inLanguage\":\"pl-PL\",\"@id\":\"https:\\\/\\\/ekoporty.szczecin.pl\\\/#\\\/schema\\\/logo\\\/image\\\/\",\"url\":\"http:\\\/\\\/ekoporty.szczecin.pl\\\/wp-content\\\/uploads\\\/2018\\\/03\\\/logo5.jpg\",\"contentUrl\":\"http:\\\/\\\/ekoporty.szczecin.pl\\\/wp-content\\\/uploads\\\/2018\\\/03\\\/logo5.jpg\",\"width\":260,\"height\":66,\"caption\":\"Zak\u0142ad Us\u0142ug Komunalnych Szczecin\"},\"image\":{\"@id\":\"https:\\\/\\\/ekoporty.szczecin.pl\\\/#\\\/schema\\\/logo\\\/image\\\/\"}},{\"@type\":\"Person\",\"@id\":\"https:\\\/\\\/ekoporty.szczecin.pl\\\/#\\\/schema\\\/person\\\/227a44bf75721f95d393ad3bf7aff444\",\"name\":\"Karol\",\"image\":{\"@type\":\"ImageObject\",\"inLanguage\":\"pl-PL\",\"@id\":\"https:\\\/\\\/secure.gravatar.com\\\/avatar\\\/0f5b9c196349a42eed98cb7f5c7749512080f111047352f2ec2579a0183e06e1?s=96&d=mm&r=g\",\"url\":\"https:\\\/\\\/secure.gravatar.com\\\/avatar\\\/0f5b9c196349a42eed98cb7f5c7749512080f111047352f2ec2579a0183e06e1?s=96&d=mm&r=g\",\"contentUrl\":\"https:\\\/\\\/secure.gravatar.com\\\/avatar\\\/0f5b9c196349a42eed98cb7f5c7749512080f111047352f2ec2579a0183e06e1?s=96&d=mm&r=g\",\"caption\":\"Karol\"},\"url\":\"https:\\\/\\\/ekoporty.szczecin.pl\\\/?author=7\"}]}<\/script>\n<!-- \/ Yoast SEO plugin. -->","yoast_head_json":{"title":"Dzieci z Przedszkola S\u0142oneczna Dolina odwiedzi\u0142y nasz Ekoport. &#171; EKOPORTY SZCZECIN","robots":{"index":"index","follow":"follow","max-snippet":"max-snippet:-1","max-image-preview":"max-image-preview:large","max-video-preview":"max-video-preview:-1"},"canonical":"https:\/\/ekoporty.szczecin.pl\/?p=28641","og_locale":"pl_PL","og_type":"article","og_title":"Dzieci z Przedszkola S\u0142oneczna Dolina odwiedzi\u0142y nasz Ekoport. &#171; EKOPORTY SZCZECIN","og_description":"Bardzo mi\u0142o by\u0142o nam go\u015bci\u0107 grup\u0119 przedszkolak\u00f3w, odwiedzaj\u0105c\u0105 Ekoport przy ulicy Arko\u0144skiej. Dzieci zobaczy\u0142y jak dzia\u0142a nasz punkt i dowiedzia\u0142y si\u0119 na czym polega selekcja odpad\u00f3w. Pod koniec wycieczki w ramach zabawy, najm\u0142odsi zwa\u017cyli si\u0119 na naszej wadze. Ca\u0142a grupa wa\u017cy\u0142a 1200 kg, czyli prawie tyle ile olbrzymia ci\u0119\u017car\u00f3wka, kt\u00f3r\u0105 dzieci te\u017c zobaczy\u0142y na naszym &hellip; Czytaj dalej Dzieci z Przedszkola S\u0142oneczna Dolina odwiedzi\u0142y nasz Ekoport.","og_url":"https:\/\/ekoporty.szczecin.pl\/?p=28641","og_site_name":"EKOPORTY SZCZECIN","article_published_time":"2021-09-17T10:31:24+00:00","article_modified_time":"2021-09-17T10:37:49+00:00","og_image":[{"width":2016,"height":1512,"url":"https:\/\/ekoporty.szczecin.pl\/wp-content\/uploads\/2021\/09\/IMG_0709.jpg","type":"image\/jpeg"}],"author":"Karol","twitter_card":"summary_large_image","twitter_misc":{"Napisane przez":"Karol","Szacowany czas czytania":"1 minuta"},"schema":{"@context":"https:\/\/schema.org","@graph":[{"@type":"Article","@id":"https:\/\/ekoporty.szczecin.pl\/?p=28641#article","isPartOf":{"@id":"https:\/\/ekoporty.szczecin.pl\/?p=28641"},"author":{"name":"Karol","@id":"https:\/\/ekoporty.szczecin.pl\/#\/schema\/person\/227a44bf75721f95d393ad3bf7aff444"},"headline":"Dzieci z Przedszkola S\u0142oneczna Dolina odwiedzi\u0142y nasz Ekoport.","datePublished":"2021-09-17T10:31:24+00:00","dateModified":"2021-09-17T10:37:49+00:00","mainEntityOfPage":{"@id":"https:\/\/ekoporty.szczecin.pl\/?p=28641"},"wordCount":95,"publisher":{"@id":"https:\/\/ekoporty.szczecin.pl\/#organization"},"image":{"@id":"https:\/\/ekoporty.szczecin.pl\/?p=28641#primaryimage"},"thumbnailUrl":"https:\/\/ekoporty.szczecin.pl\/wp-content\/uploads\/2021\/09\/IMG_0709.jpg","inLanguage":"pl-PL"},{"@type":"WebPage","@id":"https:\/\/ekoporty.szczecin.pl\/?p=28641","url":"https:\/\/ekoporty.szczecin.pl\/?p=28641","name":"Dzieci z Przedszkola S\u0142oneczna Dolina odwiedzi\u0142y nasz Ekoport. &#171; EKOPORTY SZCZECIN","isPartOf":{"@id":"https:\/\/ekoporty.szczecin.pl\/#website"},"primaryImageOfPage":{"@id":"https:\/\/ekoporty.szczecin.pl\/?p=28641#primaryimage"},"image":{"@id":"https:\/\/ekoporty.szczecin.pl\/?p=28641#primaryimage"},"thumbnailUrl":"https:\/\/ekoporty.szczecin.pl\/wp-content\/uploads\/2021\/09\/IMG_0709.jpg","datePublished":"2021-09-17T10:31:24+00:00","dateModified":"2021-09-17T10:37:49+00:00","breadcrumb":{"@id":"https:\/\/ekoporty.szczecin.pl\/?p=28641#breadcrumb"},"inLanguage":"pl-PL","potentialAction":[{"@type":"ReadAction","target":["https:\/\/ekoporty.szczecin.pl\/?p=28641"]}]},{"@type":"ImageObject","inLanguage":"pl-PL","@id":"https:\/\/ekoporty.szczecin.pl\/?p=28641#primaryimage","url":"https:\/\/ekoporty.szczecin.pl\/wp-content\/uploads\/2021\/09\/IMG_0709.jpg","contentUrl":"https:\/\/ekoporty.szczecin.pl\/wp-content\/uploads\/2021\/09\/IMG_0709.jpg","width":2016,"height":1512},{"@type":"BreadcrumbList","@id":"https:\/\/ekoporty.szczecin.pl\/?p=28641#breadcrumb","itemListElement":[{"@type":"ListItem","position":1,"name":"Strona g\u0142\u00f3wna","item":"https:\/\/ekoporty.szczecin.pl\/"},{"@type":"ListItem","position":2,"name":"Dzieci z Przedszkola S\u0142oneczna Dolina odwiedzi\u0142y nasz Ekoport."}]},{"@type":"WebSite","@id":"https:\/\/ekoporty.szczecin.pl\/#website","url":"https:\/\/ekoporty.szczecin.pl\/","name":"Ekoporty","description":"ZUK Szczecin - Punkty Selektywnej Zbi\u00f3rki Odpad\u00f3w Komunalnych - Zapraszamy","publisher":{"@id":"https:\/\/ekoporty.szczecin.pl\/#organization"},"potentialAction":[{"@type":"SearchAction","target":{"@type":"EntryPoint","urlTemplate":"https:\/\/ekoporty.szczecin.pl\/?s={search_term_string}"},"query-input":{"@type":"PropertyValueSpecification","valueRequired":true,"valueName":"search_term_string"}}],"inLanguage":"pl-PL"},{"@type":"Organization","@id":"https:\/\/ekoporty.szczecin.pl\/#organization","name":"Zak\u0142ad Us\u0142ug Komunalnych Szczecin","url":"https:\/\/ekoporty.szczecin.pl\/","logo":{"@type":"ImageObject","inLanguage":"pl-PL","@id":"https:\/\/ekoporty.szczecin.pl\/#\/schema\/logo\/image\/","url":"http:\/\/ekoporty.szczecin.pl\/wp-content\/uploads\/2018\/03\/logo5.jpg","contentUrl":"http:\/\/ekoporty.szczecin.pl\/wp-content\/uploads\/2018\/03\/logo5.jpg","width":260,"height":66,"caption":"Zak\u0142ad Us\u0142ug Komunalnych Szczecin"},"image":{"@id":"https:\/\/ekoporty.szczecin.pl\/#\/schema\/logo\/image\/"}},{"@type":"Person","@id":"https:\/\/ekoporty.szczecin.pl\/#\/schema\/person\/227a44bf75721f95d393ad3bf7aff444","name":"Karol","image":{"@type":"ImageObject","inLanguage":"pl-PL","@id":"https:\/\/secure.gravatar.com\/avatar\/0f5b9c196349a42eed98cb7f5c7749512080f111047352f2ec2579a0183e06e1?s=96&d=mm&r=g","url":"https:\/\/secure.gravatar.com\/avatar\/0f5b9c196349a42eed98cb7f5c7749512080f111047352f2ec2579a0183e06e1?s=96&d=mm&r=g","contentUrl":"https:\/\/secure.gravatar.com\/avatar\/0f5b9c196349a42eed98cb7f5c7749512080f111047352f2ec2579a0183e06e1?s=96&d=mm&r=g","caption":"Karol"},"url":"https:\/\/ekoporty.szczecin.pl\/?author=7"}]}},"jetpack_publicize_connections":[],"jetpack_featured_media_url":"https:\/\/ekoporty.szczecin.pl\/wp-content\/uploads\/2021\/09\/IMG_0709.jpg","jetpack_sharing_enabled":true,"jetpack_shortlink":"https:\/\/wp.me\/p8ZWwp-7rX","_links":{"self":[{"href":"https:\/\/ekoporty.szczecin.pl\/index.php?rest_route=\/wp\/v2\/posts\/28641","targetHints":{"allow":["GET"]}}],"collection":[{"href":"https:\/\/ekoporty.szczecin.pl\/index.php?rest_route=\/wp\/v2\/posts"}],"about":[{"href":"https:\/\/ekoporty.szczecin.pl\/index.php?rest_route=\/wp\/v2\/types\/post"}],"author":[{"embeddable":true,"href":"https:\/\/ekoporty.szczecin.pl\/index.php?rest_route=\/wp\/v2\/users\/7"}],"replies":[{"embeddable":true,"href":"https:\/\/ekoporty.szczecin.pl\/index.php?rest_route=%2Fwp%2Fv2%2Fcomments&post=28641"}],"version-history":[{"count":2,"href":"https:\/\/ekoporty.szczecin.pl\/index.php?rest_route=\/wp\/v2\/posts\/28641\/revisions"}],"predecessor-version":[{"id":28646,"href":"https:\/\/ekoporty.szczecin.pl\/index.php?rest_route=\/wp\/v2\/posts\/28641\/revisions\/28646"}],"wp:featuredmedia":[{"embeddable":true,"href":"https:\/\/ekoporty.szczecin.pl\/index.php?rest_route=\/wp\/v2\/media\/28640"}],"wp:attachment":[{"href":"https:\/\/ekoporty.szczecin.pl\/index.php?rest_route=%2Fwp%2Fv2%2Fmedia&parent=28641"}],"wp:term":[{"taxonomy":"category","embeddable":true,"href":"https:\/\/ekoporty.szczecin.pl\/index.php?rest_route=%2Fwp%2Fv2%2Fcategories&post=28641"},{"taxonomy":"post_tag","embeddable":true,"href":"https:\/\/ekoporty.szczecin.pl\/index.php?rest_route=%2Fwp%2Fv2%2Ftags&post=28641"}],"curies":[{"name":"wp","href":"https:\/\/api.w.org\/{rel}","templated":true}]}}