{"id":28742,"date":"2021-10-05T11:14:22","date_gmt":"2021-10-05T09:14:22","guid":{"rendered":"http:\/\/ekoporty.szczecin.pl\/?p=28742"},"modified":"2021-10-05T11:18:44","modified_gmt":"2021-10-05T09:18:44","slug":"28742","status":"publish","type":"post","link":"https:\/\/ekoporty.szczecin.pl\/?p=28742","title":{"rendered":"Nakr\u0119tki dla Ingi"},"content":{"rendered":"<p style=\"text-align: justify;\"><strong>Kolejny raz mieszka\u0144cy Szczecina pokazali, \u017ce maj\u0105 wielkie serce. T\u0142umnie zareagowali na akcj\u0119 zorganizowan\u0105 przez ZUK i przynie\u015bli mn\u00f3stwo plastikowych nakr\u0119tek. Pieni\u0105dze ze sprzeda\u017cy pow\u0119drowa\u0142y do rodzic\u00f3w male\u0144kiej Ingi, kt\u00f3ra walczy z chorob\u0105 SMA i potrzebowa\u0142a ka\u017cdej z\u0142ot\u00f3wki na to, by podda\u0107 si\u0119 terapii genowej. \u2013 Zbi\u00f3rka zako\u0144czona, ale wci\u0105\u017c prosimy o nakr\u0119tki \u2013 m\u00f3wi dyrektor ZUK Tomasz Wawrzy\u0144czak. \u2013 Chcemy teraz pom\u00f3c kilkuletniej Kasi.<\/strong><\/p>\n<p><!--more--><\/p>\n<p style=\"text-align: justify;\">Akcja zorganizowana zosta\u0142a przez Zak\u0142ad Us\u0142ug Komunalnych. Pocz\u0105tkowo mia\u0142a by\u0107 tylko kontynuacj\u0105 wcze\u015bniejszego wydarzenia \u201eLi\u015b\u0107 d\u0119bu\u201d, w ramach kt\u00f3rego mieszka\u0144cy \u2013 w zamian za przyniesione nakr\u0119tki \u2013 otrzymywali pi\u0119kn\u0105 sadzonk\u0119 d\u0119bu. Szybko jednak okaza\u0142o si\u0119, \u017ce do le\u015bnicz\u00f3wki przychodz\u0105 t\u0142umy os\u00f3b i wydarzenie musi mie\u0107 wi\u0119ksz\u0105 skal\u0119. Dlatego poszerzone zosta\u0142o na wszystkie szczeci\u0144skie Ekoporty. Decyzja ta by\u0142a strza\u0142em w dziesi\u0105tk\u0119.<\/p>\n<p style=\"text-align: justify;\">&#8211; Najwa\u017cniejszym dla nas celem by\u0142o uzbieranie jak najwi\u0119kszej ilo\u015bci nakr\u0119tek i pomoc chorej dziewczynce. Nie jest sprawiedliwe to, \u017ce w\u0142a\u015bciwie jedyn\u0105 szans\u0105 prze\u017cycia rocznego dziecka jest szczodro\u015b\u0107 darczy\u0144c\u00f3w. Rodzice stan\u0119li bowiem przed piekielnie trudnym zadaniem. Musieli sami uzbiera\u0107 a\u017c 9,5 miliona z\u0142otych \u2013 m\u00f3wi dyrektor Zak\u0142adu Us\u0142ug Komunalnych Tomasz Wawrzy\u0144czak. \u2013 Podj\u0105\u0142em wi\u0119c decyzj\u0119, \u017ce zbi\u00f3rk\u0119 rozszerzamy na wszystkie Ekoporty. Ostatecznie uzbierali\u015bmy ponad 2400 kilogram\u00f3w nakr\u0119tek. Rodzice nie mieli mo\u017cliwo\u015bci odebra\u0107 ich od nas wi\u0119c w transport i rozpakowywanie zaanga\u017cowali si\u0119 nasi pracownicy. Wywie\u017ali\u015bmy do skupu a\u017c 4 pe\u0142ne przyczepy zebranych odpad\u00f3w. Na miejscu rozpakowywali\u015bmy to kilka godzin. W skupie otrzymali\u015bmy 1700 z\u0142otych, kt\u00f3re nast\u0119pnie dostarczyli\u015bmy do rodziny male\u0144stwa. Teraz trzymamy wszyscy kciuki, by Inga wraca\u0142a do zdrowia.<\/p>\n<p style=\"text-align: justify;\">Bez w\u0105tpienia akcja mia\u0142a tak\u017ce aspekt zar\u00f3wno edukacyjny, jak i ekologiczny. W zbi\u00f3rk\u0119 anga\u017cowa\u0142y si\u0119 r\u00f3wnie\u017c szko\u0142y. Dzieci z nauczycielami odwiedza\u0142y Ekoporty, gdzie pokazywany by\u0142 wszystkim obiekt. Podobnie by\u0142o w lasach miejskich, gdzie maluchy bra\u0142y udzia\u0142 w zaj\u0119ciach edukacyjnych.<\/p>\n<p style=\"text-align: justify;\">\u201eLi\u015b\u0107 D\u0119bu 2.0\u201d cieszy\u0142 si\u0119 ogromnym zainteresowaniem, dlatego te\u017c zapad\u0142a decyzja, \u017ce\u2026 b\u0119dzie kontynuowany.<\/p>\n<p style=\"text-align: justify;\">&#8211; Skoro mo\u017cemy pom\u00f3c to zawsze jeste\u015bmy do dyspozycji mieszka\u0144c\u00f3w \u2013 m\u00f3wi Wawrzy\u0144czak. \u2013 Zdecydowali\u015bmy, \u017ce cyklicznie b\u0119dziemy organizowali podobne zbi\u00f3rki na inne osoby. Pieni\u0105dze b\u0119d\u0105 trafia\u0142y na ich konta i z pewno\u015bci\u0105 pomog\u0105 w leczeniu. My b\u0119dziemy mieli czystsze miasto, chore i potrzebuj\u0105ce osoby \u015brodki na leczenie. Rzeczywi\u015bcie dostarczy nam to sporo pracy, ale nie to si\u0119 liczy. Zdrowie mieszka\u0144c\u00f3w jest najwa\u017cniejsze.<\/p>\n<p style=\"text-align: justify;\"><strong>Przynie\u015b nakr\u0119tki, odbierz drzewo<\/strong><\/p>\n<p style=\"text-align: justify;\">Nakr\u0119tki mo\u017cna przynosi\u0107 do siedziby Las\u00f3w Miejskich przy ulicy Miodowej w godzina od 9 do 14. ZUK przygotowa\u0142 ponad 1500 sadzonek d\u0119b\u00f3w wyhodowanych we w\u0142asnej szk\u00f3\u0142ce. Drzewa odebra\u0107 mo\u017ce ka\u017cdy, kto przyniesie ze sob\u0105 co najmniej 100 plastikowych odpad\u00f3w. Z okazji takiej, przy zbi\u00f3rce na Ing\u0119, skorzysta\u0142o ponad 500 os\u00f3b. Wszystkie nakr\u0119tki trafi\u0105 tym razem do rodzic\u00f3w chorej Kasi.<\/p>\n<p style=\"text-align: justify;\">Dodatkowo nakr\u0119tki mo\u017cna przynosi\u0107 tak\u017ce do wszystkich szczeci\u0144skich Ekoport\u00f3w. Ustawione s\u0105 w nich pojemniki z przeznaczeniem w\u0142a\u015bnie na to. P\u00f3\u017aniej ca\u0142y zebrany materia\u0142 trafi do mamy chorej dziewczynki.<\/p>\n<p style=\"text-align: justify;\"><strong>Pomagamy Dzielnej Kasi<\/strong><\/p>\n<p style=\"text-align: justify;\">Rozpoczynamy wi\u0119c tym razem zbi\u00f3rk\u0119 na pomoc w leczeniu chorej Kasi Maziarz. Dziewczynka jest jedynym dzieckiem w Polsce z mutacj\u0105 w genie GNB1. Lekarze wielokrotnie m\u00f3wili, \u017ce z Kasi\u0105 nie b\u0119dzie kontaktu. Dzi\u0119ki rewolucyjnej terapii Kasia zaczyna komunikowa\u0107 si\u0119 werbalnie! Potrzebna jest jednak ci\u0105g\u0142a rehabilitacja, a mamie dziewczynki ko\u0144cz\u0105 si\u0119 na to \u015brodki.<\/p>\n<p style=\"text-align: justify;\"><strong>Zbierane s\u0105 r\u00f3wnie\u017c na portalu <a href=\"http:\/\/www.siepomaga.pl\/kasia-maziarz\">www.siepomaga.pl\/kasia-maziarz<\/a> , gdzie mo\u017cna wp\u0142aca\u0107 dowoln\u0105 kwot\u0119 z przeznaczeniem na dziecko<\/strong><\/p>\n<p style=\"text-align: justify;\">Pani Sylwia tak wspomina pierwsze chwile zwi\u0105zane z urodzeniem wyczekiwanej c\u00f3reczki.<\/p>\n<p style=\"text-align: justify;\">&#8221; Kasia nie p\u0142aka\u0142a po przyj\u015bciu na \u015bwiat. Nie wyda\u0142a z siebie \u017cadnego d\u017awi\u0119ku, nie protestowa\u0142a na ostre \u015bwiat\u0142o. By\u0142a bezw\u0142adna. P\u00f3\u017aniej po\u0142o\u017cna przyzna\u0142a, \u017ce pomy\u015bla\u0142a sobie: \u201cTo dziecko jest jak galaretka, jakby wcale nie mia\u0142o ko\u015bci!\u201d. Wtedy nie widzieli\u015bmy, \u017ce z nasz\u0105 ma\u0142\u0105 c\u00f3reczk\u0105 dzieje si\u0119 co\u015b z\u0142ego. By\u0142a taka spokojna, cichutka &#8211; wszystkie inne mamy mi zazdro\u015bci\u0142y, a ja cieszy\u0142am si\u0119, \u017ce moje dziecko jest takie grzeczne. Gdybym wtedy wiedzia\u0142a, \u017ce to pow\u00f3d do strachu, a nie do rado\u015bci\u2026 Ale przecie\u017c nawet lekarze nie wiedzieli! Zacz\u0119li\u015bmy si\u0119 ba\u0107 dopiero po kilku miesi\u0105cach. Mamy starszego synka, wiedzieli\u015bmy, \u017ce kilkumiesi\u0119czne dziecko powinno samo si\u0119 obraca\u0107, podnosi\u0107 g\u0142\u00f3wk\u0119, umie\u0107 coraz wi\u0119cej. Tymczasem nasza Kasie\u0144ka tylko le\u017ca\u0142a, jakby nie mia\u0142a na to wszystko ochoty. \u017baden lekarz nie potrafi\u0142 stwierdzi\u0107, co jej jest, szukali\u015bmy ratunku po omacku, rozpocz\u0119\u0142a si\u0119 rehabilitacja. Podejrzewali SMA. Gdy przysz\u0142y wyniki bada\u0144, modli\u0142am si\u0119, \u017ceby to by\u0142a jakakolwiek inna choroba, \u017ce moja c\u00f3reczka mo\u017ce by\u0107 niepe\u0142nosprawna, wymaga\u0107 opieki przez ca\u0142e \u017cycie, ale musi \u017cy\u0107! A przecie\u017c SMA zabiera to wszystko kawa\u0142ek po kawa\u0142ku, by na ko\u0144cu ukra\u015b\u0107 niewinne \u017cycie\u2026<\/p>\n<p style=\"text-align: justify;\">\u017badne badanie nie da\u0142y odpowiedzi na pytanie, co dolega Kasi. Z jednej strony z ka\u017cdym wynikiem spada\u0142 nam kamie\u0144 z serca, bo lekarze wykluczali choroby tak straszne, \u017ce na sam\u0105 my\u015bl o nich \u015bciska\u0142o w \u017co\u0142\u0105dku. Jednak z drugiej nadal nie wiedzieli\u015bmy, jak walczy\u0107 z wrogiem bez twarzy, bez imienia\u2026 Po wielu badaniach neurologicznych, metabolicznych i genetycznych w ko\u0144cu otrzymali\u015bmy diagnoz\u0119 A w genie GNB1&#8243;. Zabrzmia\u0142o to jak wyrok.<\/p>\n<p style=\"text-align: justify;\">Jednak my nie tracimy nadziei i walczymy o ka\u017cdy kolejny dzie\u0144. Kasia bardzo lubi dzieci, nie zamyka si\u0119, ale nie potrafi si\u0119 bawi\u0107. Nawi\u0105zuje lepsze kontakty z doros\u0142ymi, chocia\u017c sama jest taka malutka&#8230;. Nie wiadomo, co ma w g\u0142\u00f3wce. Czasami nas zadziwia. Niedawno okaza\u0142o si\u0119, \u017ce potrafi czyta\u0107! Marz\u0119 o tym, by kto\u015b kiedy\u015b odkry\u0142, co si\u0119 dzieje w umy\u015ble os\u00f3b cierpi\u0105cych na mutacj\u0119 w tym genie. Kontaktuj\u0119 si\u0119 z rodzicami dzieci z ca\u0142ego \u015bwiata, czasami przychodz\u0105 pozytywne informacje &#8211; \u017ce trwaj\u0105 badania, \u017ce coraz wi\u0119cej wiadomo o chorobi<\/p>\n<p style=\"text-align: justify;\">Specjalnie opracowana terapia to na ten moment to jedyna nadzieja dla Kasi, by mog\u0142a \u017cy\u0107 z nami, w naszym \u015bwiecie. Nasza dzielna dziewczynka osi\u0105gn\u0119\u0142a ju\u017c tak wiele\u2026 Prosz\u0119, nie pozw\u00f3lcie nam tego straci\u0107. B\u0105d\u017acie z nami w walce o Kasi\u0119!&#8221;<\/p>\n<p style=\"text-align: justify;\"><strong>\u00a0<\/strong><\/p>\n<p style=\"text-align: justify;\">\n","protected":false},"excerpt":{"rendered":"<p>Kolejny raz mieszka\u0144cy Szczecina pokazali, \u017ce maj\u0105 wielkie serce. T\u0142umnie zareagowali na akcj\u0119 zorganizowan\u0105 przez ZUK i przynie\u015bli mn\u00f3stwo plastikowych nakr\u0119tek. Pieni\u0105dze ze sprzeda\u017cy pow\u0119drowa\u0142y do rodzic\u00f3w male\u0144kiej Ingi, kt\u00f3ra walczy z chorob\u0105 SMA i potrzebowa\u0142a ka\u017cdej z\u0142ot\u00f3wki na to, by podda\u0107 si\u0119 terapii genowej. \u2013 Zbi\u00f3rka zako\u0144czona, ale wci\u0105\u017c prosimy o nakr\u0119tki \u2013 m\u00f3wi &hellip; <a href=\"https:\/\/ekoporty.szczecin.pl\/?p=28742\" class=\"more-link\">Czytaj dalej <span class=\"screen-reader-text\">Nakr\u0119tki dla Ingi<\/span><\/a><\/p>\n","protected":false},"author":7,"featured_media":28743,"comment_status":"closed","ping_status":"closed","sticky":false,"template":"","format":"standard","meta":{"_jetpack_memberships_contains_paid_content":false,"footnotes":"","jetpack_publicize_message":"","jetpack_publicize_feature_enabled":true,"jetpack_social_post_already_shared":true,"jetpack_social_options":{"image_generator_settings":{"template":"highway","default_image_id":0,"font":"","enabled":false},"version":2}},"categories":[1],"tags":[],"class_list":["post-28742","post","type-post","status-publish","format-standard","has-post-thumbnail","hentry","category-bez-kategorii"],"yoast_head":"<!-- This site is optimized with the Yoast SEO plugin v27.5 - https:\/\/yoast.com\/product\/yoast-seo-wordpress\/ -->\n<title>Nakr\u0119tki dla Ingi &#171; EKOPORTY SZCZECIN<\/title>\n<meta name=\"robots\" content=\"index, follow, max-snippet:-1, max-image-preview:large, max-video-preview:-1\" \/>\n<link rel=\"canonical\" href=\"https:\/\/ekoporty.szczecin.pl\/?p=28742\" \/>\n<meta property=\"og:locale\" content=\"pl_PL\" \/>\n<meta property=\"og:type\" content=\"article\" \/>\n<meta property=\"og:title\" content=\"Nakr\u0119tki dla Ingi &#171; EKOPORTY SZCZECIN\" \/>\n<meta property=\"og:description\" content=\"Kolejny raz mieszka\u0144cy Szczecina pokazali, \u017ce maj\u0105 wielkie serce. T\u0142umnie zareagowali na akcj\u0119 zorganizowan\u0105 przez ZUK i przynie\u015bli mn\u00f3stwo plastikowych nakr\u0119tek. Pieni\u0105dze ze sprzeda\u017cy pow\u0119drowa\u0142y do rodzic\u00f3w male\u0144kiej Ingi, kt\u00f3ra walczy z chorob\u0105 SMA i potrzebowa\u0142a ka\u017cdej z\u0142ot\u00f3wki na to, by podda\u0107 si\u0119 terapii genowej. \u2013 Zbi\u00f3rka zako\u0144czona, ale wci\u0105\u017c prosimy o nakr\u0119tki \u2013 m\u00f3wi &hellip; Czytaj dalej Nakr\u0119tki dla Ingi\" \/>\n<meta property=\"og:url\" content=\"https:\/\/ekoporty.szczecin.pl\/?p=28742\" \/>\n<meta property=\"og:site_name\" content=\"EKOPORTY SZCZECIN\" \/>\n<meta property=\"article:published_time\" content=\"2021-10-05T09:14:22+00:00\" \/>\n<meta property=\"article:modified_time\" content=\"2021-10-05T09:18:44+00:00\" \/>\n<meta property=\"og:image\" content=\"https:\/\/ekoporty.szczecin.pl\/wp-content\/uploads\/2021\/10\/Nakretki-dyrektor-zuk-scaled.jpg\" \/>\n\t<meta property=\"og:image:width\" content=\"2560\" \/>\n\t<meta property=\"og:image:height\" content=\"1920\" \/>\n\t<meta property=\"og:image:type\" content=\"image\/jpeg\" \/>\n<meta name=\"author\" content=\"Karol\" \/>\n<meta name=\"twitter:card\" content=\"summary_large_image\" \/>\n<meta name=\"twitter:label1\" content=\"Napisane przez\" \/>\n\t<meta name=\"twitter:data1\" content=\"Karol\" \/>\n\t<meta name=\"twitter:label2\" content=\"Szacowany czas czytania\" \/>\n\t<meta name=\"twitter:data2\" content=\"4 minuty\" \/>\n<script type=\"application\/ld+json\" class=\"yoast-schema-graph\">{\"@context\":\"https:\\\/\\\/schema.org\",\"@graph\":[{\"@type\":\"Article\",\"@id\":\"https:\\\/\\\/ekoporty.szczecin.pl\\\/?p=28742#article\",\"isPartOf\":{\"@id\":\"https:\\\/\\\/ekoporty.szczecin.pl\\\/?p=28742\"},\"author\":{\"name\":\"Karol\",\"@id\":\"https:\\\/\\\/ekoporty.szczecin.pl\\\/#\\\/schema\\\/person\\\/227a44bf75721f95d393ad3bf7aff444\"},\"headline\":\"Nakr\u0119tki dla Ingi\",\"datePublished\":\"2021-10-05T09:14:22+00:00\",\"dateModified\":\"2021-10-05T09:18:44+00:00\",\"mainEntityOfPage\":{\"@id\":\"https:\\\/\\\/ekoporty.szczecin.pl\\\/?p=28742\"},\"wordCount\":1131,\"publisher\":{\"@id\":\"https:\\\/\\\/ekoporty.szczecin.pl\\\/#organization\"},\"image\":{\"@id\":\"https:\\\/\\\/ekoporty.szczecin.pl\\\/?p=28742#primaryimage\"},\"thumbnailUrl\":\"https:\\\/\\\/ekoporty.szczecin.pl\\\/wp-content\\\/uploads\\\/2021\\\/10\\\/Nakretki-dyrektor-zuk-scaled.jpg\",\"inLanguage\":\"pl-PL\"},{\"@type\":\"WebPage\",\"@id\":\"https:\\\/\\\/ekoporty.szczecin.pl\\\/?p=28742\",\"url\":\"https:\\\/\\\/ekoporty.szczecin.pl\\\/?p=28742\",\"name\":\"Nakr\u0119tki dla Ingi &#171; EKOPORTY SZCZECIN\",\"isPartOf\":{\"@id\":\"https:\\\/\\\/ekoporty.szczecin.pl\\\/#website\"},\"primaryImageOfPage\":{\"@id\":\"https:\\\/\\\/ekoporty.szczecin.pl\\\/?p=28742#primaryimage\"},\"image\":{\"@id\":\"https:\\\/\\\/ekoporty.szczecin.pl\\\/?p=28742#primaryimage\"},\"thumbnailUrl\":\"https:\\\/\\\/ekoporty.szczecin.pl\\\/wp-content\\\/uploads\\\/2021\\\/10\\\/Nakretki-dyrektor-zuk-scaled.jpg\",\"datePublished\":\"2021-10-05T09:14:22+00:00\",\"dateModified\":\"2021-10-05T09:18:44+00:00\",\"breadcrumb\":{\"@id\":\"https:\\\/\\\/ekoporty.szczecin.pl\\\/?p=28742#breadcrumb\"},\"inLanguage\":\"pl-PL\",\"potentialAction\":[{\"@type\":\"ReadAction\",\"target\":[\"https:\\\/\\\/ekoporty.szczecin.pl\\\/?p=28742\"]}]},{\"@type\":\"ImageObject\",\"inLanguage\":\"pl-PL\",\"@id\":\"https:\\\/\\\/ekoporty.szczecin.pl\\\/?p=28742#primaryimage\",\"url\":\"https:\\\/\\\/ekoporty.szczecin.pl\\\/wp-content\\\/uploads\\\/2021\\\/10\\\/Nakretki-dyrektor-zuk-scaled.jpg\",\"contentUrl\":\"https:\\\/\\\/ekoporty.szczecin.pl\\\/wp-content\\\/uploads\\\/2021\\\/10\\\/Nakretki-dyrektor-zuk-scaled.jpg\",\"width\":2560,\"height\":1920},{\"@type\":\"BreadcrumbList\",\"@id\":\"https:\\\/\\\/ekoporty.szczecin.pl\\\/?p=28742#breadcrumb\",\"itemListElement\":[{\"@type\":\"ListItem\",\"position\":1,\"name\":\"Strona g\u0142\u00f3wna\",\"item\":\"https:\\\/\\\/ekoporty.szczecin.pl\\\/\"},{\"@type\":\"ListItem\",\"position\":2,\"name\":\"Nakr\u0119tki dla Ingi\"}]},{\"@type\":\"WebSite\",\"@id\":\"https:\\\/\\\/ekoporty.szczecin.pl\\\/#website\",\"url\":\"https:\\\/\\\/ekoporty.szczecin.pl\\\/\",\"name\":\"Ekoporty\",\"description\":\"ZUK Szczecin - Punkty Selektywnej Zbi\u00f3rki Odpad\u00f3w Komunalnych - Zapraszamy\",\"publisher\":{\"@id\":\"https:\\\/\\\/ekoporty.szczecin.pl\\\/#organization\"},\"potentialAction\":[{\"@type\":\"SearchAction\",\"target\":{\"@type\":\"EntryPoint\",\"urlTemplate\":\"https:\\\/\\\/ekoporty.szczecin.pl\\\/?s={search_term_string}\"},\"query-input\":{\"@type\":\"PropertyValueSpecification\",\"valueRequired\":true,\"valueName\":\"search_term_string\"}}],\"inLanguage\":\"pl-PL\"},{\"@type\":\"Organization\",\"@id\":\"https:\\\/\\\/ekoporty.szczecin.pl\\\/#organization\",\"name\":\"Zak\u0142ad Us\u0142ug Komunalnych Szczecin\",\"url\":\"https:\\\/\\\/ekoporty.szczecin.pl\\\/\",\"logo\":{\"@type\":\"ImageObject\",\"inLanguage\":\"pl-PL\",\"@id\":\"https:\\\/\\\/ekoporty.szczecin.pl\\\/#\\\/schema\\\/logo\\\/image\\\/\",\"url\":\"http:\\\/\\\/ekoporty.szczecin.pl\\\/wp-content\\\/uploads\\\/2018\\\/03\\\/logo5.jpg\",\"contentUrl\":\"http:\\\/\\\/ekoporty.szczecin.pl\\\/wp-content\\\/uploads\\\/2018\\\/03\\\/logo5.jpg\",\"width\":260,\"height\":66,\"caption\":\"Zak\u0142ad Us\u0142ug Komunalnych Szczecin\"},\"image\":{\"@id\":\"https:\\\/\\\/ekoporty.szczecin.pl\\\/#\\\/schema\\\/logo\\\/image\\\/\"}},{\"@type\":\"Person\",\"@id\":\"https:\\\/\\\/ekoporty.szczecin.pl\\\/#\\\/schema\\\/person\\\/227a44bf75721f95d393ad3bf7aff444\",\"name\":\"Karol\",\"image\":{\"@type\":\"ImageObject\",\"inLanguage\":\"pl-PL\",\"@id\":\"https:\\\/\\\/secure.gravatar.com\\\/avatar\\\/0f5b9c196349a42eed98cb7f5c7749512080f111047352f2ec2579a0183e06e1?s=96&d=mm&r=g\",\"url\":\"https:\\\/\\\/secure.gravatar.com\\\/avatar\\\/0f5b9c196349a42eed98cb7f5c7749512080f111047352f2ec2579a0183e06e1?s=96&d=mm&r=g\",\"contentUrl\":\"https:\\\/\\\/secure.gravatar.com\\\/avatar\\\/0f5b9c196349a42eed98cb7f5c7749512080f111047352f2ec2579a0183e06e1?s=96&d=mm&r=g\",\"caption\":\"Karol\"},\"url\":\"https:\\\/\\\/ekoporty.szczecin.pl\\\/?author=7\"}]}<\/script>\n<!-- \/ Yoast SEO plugin. -->","yoast_head_json":{"title":"Nakr\u0119tki dla Ingi &#171; EKOPORTY SZCZECIN","robots":{"index":"index","follow":"follow","max-snippet":"max-snippet:-1","max-image-preview":"max-image-preview:large","max-video-preview":"max-video-preview:-1"},"canonical":"https:\/\/ekoporty.szczecin.pl\/?p=28742","og_locale":"pl_PL","og_type":"article","og_title":"Nakr\u0119tki dla Ingi &#171; EKOPORTY SZCZECIN","og_description":"Kolejny raz mieszka\u0144cy Szczecina pokazali, \u017ce maj\u0105 wielkie serce. T\u0142umnie zareagowali na akcj\u0119 zorganizowan\u0105 przez ZUK i przynie\u015bli mn\u00f3stwo plastikowych nakr\u0119tek. Pieni\u0105dze ze sprzeda\u017cy pow\u0119drowa\u0142y do rodzic\u00f3w male\u0144kiej Ingi, kt\u00f3ra walczy z chorob\u0105 SMA i potrzebowa\u0142a ka\u017cdej z\u0142ot\u00f3wki na to, by podda\u0107 si\u0119 terapii genowej. \u2013 Zbi\u00f3rka zako\u0144czona, ale wci\u0105\u017c prosimy o nakr\u0119tki \u2013 m\u00f3wi &hellip; Czytaj dalej Nakr\u0119tki dla Ingi","og_url":"https:\/\/ekoporty.szczecin.pl\/?p=28742","og_site_name":"EKOPORTY SZCZECIN","article_published_time":"2021-10-05T09:14:22+00:00","article_modified_time":"2021-10-05T09:18:44+00:00","og_image":[{"width":2560,"height":1920,"url":"https:\/\/ekoporty.szczecin.pl\/wp-content\/uploads\/2021\/10\/Nakretki-dyrektor-zuk-scaled.jpg","type":"image\/jpeg"}],"author":"Karol","twitter_card":"summary_large_image","twitter_misc":{"Napisane przez":"Karol","Szacowany czas czytania":"4 minuty"},"schema":{"@context":"https:\/\/schema.org","@graph":[{"@type":"Article","@id":"https:\/\/ekoporty.szczecin.pl\/?p=28742#article","isPartOf":{"@id":"https:\/\/ekoporty.szczecin.pl\/?p=28742"},"author":{"name":"Karol","@id":"https:\/\/ekoporty.szczecin.pl\/#\/schema\/person\/227a44bf75721f95d393ad3bf7aff444"},"headline":"Nakr\u0119tki dla Ingi","datePublished":"2021-10-05T09:14:22+00:00","dateModified":"2021-10-05T09:18:44+00:00","mainEntityOfPage":{"@id":"https:\/\/ekoporty.szczecin.pl\/?p=28742"},"wordCount":1131,"publisher":{"@id":"https:\/\/ekoporty.szczecin.pl\/#organization"},"image":{"@id":"https:\/\/ekoporty.szczecin.pl\/?p=28742#primaryimage"},"thumbnailUrl":"https:\/\/ekoporty.szczecin.pl\/wp-content\/uploads\/2021\/10\/Nakretki-dyrektor-zuk-scaled.jpg","inLanguage":"pl-PL"},{"@type":"WebPage","@id":"https:\/\/ekoporty.szczecin.pl\/?p=28742","url":"https:\/\/ekoporty.szczecin.pl\/?p=28742","name":"Nakr\u0119tki dla Ingi &#171; EKOPORTY SZCZECIN","isPartOf":{"@id":"https:\/\/ekoporty.szczecin.pl\/#website"},"primaryImageOfPage":{"@id":"https:\/\/ekoporty.szczecin.pl\/?p=28742#primaryimage"},"image":{"@id":"https:\/\/ekoporty.szczecin.pl\/?p=28742#primaryimage"},"thumbnailUrl":"https:\/\/ekoporty.szczecin.pl\/wp-content\/uploads\/2021\/10\/Nakretki-dyrektor-zuk-scaled.jpg","datePublished":"2021-10-05T09:14:22+00:00","dateModified":"2021-10-05T09:18:44+00:00","breadcrumb":{"@id":"https:\/\/ekoporty.szczecin.pl\/?p=28742#breadcrumb"},"inLanguage":"pl-PL","potentialAction":[{"@type":"ReadAction","target":["https:\/\/ekoporty.szczecin.pl\/?p=28742"]}]},{"@type":"ImageObject","inLanguage":"pl-PL","@id":"https:\/\/ekoporty.szczecin.pl\/?p=28742#primaryimage","url":"https:\/\/ekoporty.szczecin.pl\/wp-content\/uploads\/2021\/10\/Nakretki-dyrektor-zuk-scaled.jpg","contentUrl":"https:\/\/ekoporty.szczecin.pl\/wp-content\/uploads\/2021\/10\/Nakretki-dyrektor-zuk-scaled.jpg","width":2560,"height":1920},{"@type":"BreadcrumbList","@id":"https:\/\/ekoporty.szczecin.pl\/?p=28742#breadcrumb","itemListElement":[{"@type":"ListItem","position":1,"name":"Strona g\u0142\u00f3wna","item":"https:\/\/ekoporty.szczecin.pl\/"},{"@type":"ListItem","position":2,"name":"Nakr\u0119tki dla Ingi"}]},{"@type":"WebSite","@id":"https:\/\/ekoporty.szczecin.pl\/#website","url":"https:\/\/ekoporty.szczecin.pl\/","name":"Ekoporty","description":"ZUK Szczecin - Punkty Selektywnej Zbi\u00f3rki Odpad\u00f3w Komunalnych - Zapraszamy","publisher":{"@id":"https:\/\/ekoporty.szczecin.pl\/#organization"},"potentialAction":[{"@type":"SearchAction","target":{"@type":"EntryPoint","urlTemplate":"https:\/\/ekoporty.szczecin.pl\/?s={search_term_string}"},"query-input":{"@type":"PropertyValueSpecification","valueRequired":true,"valueName":"search_term_string"}}],"inLanguage":"pl-PL"},{"@type":"Organization","@id":"https:\/\/ekoporty.szczecin.pl\/#organization","name":"Zak\u0142ad Us\u0142ug Komunalnych Szczecin","url":"https:\/\/ekoporty.szczecin.pl\/","logo":{"@type":"ImageObject","inLanguage":"pl-PL","@id":"https:\/\/ekoporty.szczecin.pl\/#\/schema\/logo\/image\/","url":"http:\/\/ekoporty.szczecin.pl\/wp-content\/uploads\/2018\/03\/logo5.jpg","contentUrl":"http:\/\/ekoporty.szczecin.pl\/wp-content\/uploads\/2018\/03\/logo5.jpg","width":260,"height":66,"caption":"Zak\u0142ad Us\u0142ug Komunalnych Szczecin"},"image":{"@id":"https:\/\/ekoporty.szczecin.pl\/#\/schema\/logo\/image\/"}},{"@type":"Person","@id":"https:\/\/ekoporty.szczecin.pl\/#\/schema\/person\/227a44bf75721f95d393ad3bf7aff444","name":"Karol","image":{"@type":"ImageObject","inLanguage":"pl-PL","@id":"https:\/\/secure.gravatar.com\/avatar\/0f5b9c196349a42eed98cb7f5c7749512080f111047352f2ec2579a0183e06e1?s=96&d=mm&r=g","url":"https:\/\/secure.gravatar.com\/avatar\/0f5b9c196349a42eed98cb7f5c7749512080f111047352f2ec2579a0183e06e1?s=96&d=mm&r=g","contentUrl":"https:\/\/secure.gravatar.com\/avatar\/0f5b9c196349a42eed98cb7f5c7749512080f111047352f2ec2579a0183e06e1?s=96&d=mm&r=g","caption":"Karol"},"url":"https:\/\/ekoporty.szczecin.pl\/?author=7"}]}},"jetpack_publicize_connections":[],"jetpack_featured_media_url":"https:\/\/ekoporty.szczecin.pl\/wp-content\/uploads\/2021\/10\/Nakretki-dyrektor-zuk-scaled.jpg","jetpack_sharing_enabled":true,"jetpack_shortlink":"https:\/\/wp.me\/s8ZWwp-28742","_links":{"self":[{"href":"https:\/\/ekoporty.szczecin.pl\/index.php?rest_route=\/wp\/v2\/posts\/28742","targetHints":{"allow":["GET"]}}],"collection":[{"href":"https:\/\/ekoporty.szczecin.pl\/index.php?rest_route=\/wp\/v2\/posts"}],"about":[{"href":"https:\/\/ekoporty.szczecin.pl\/index.php?rest_route=\/wp\/v2\/types\/post"}],"author":[{"embeddable":true,"href":"https:\/\/ekoporty.szczecin.pl\/index.php?rest_route=\/wp\/v2\/users\/7"}],"replies":[{"embeddable":true,"href":"https:\/\/ekoporty.szczecin.pl\/index.php?rest_route=%2Fwp%2Fv2%2Fcomments&post=28742"}],"version-history":[{"count":2,"href":"https:\/\/ekoporty.szczecin.pl\/index.php?rest_route=\/wp\/v2\/posts\/28742\/revisions"}],"predecessor-version":[{"id":28745,"href":"https:\/\/ekoporty.szczecin.pl\/index.php?rest_route=\/wp\/v2\/posts\/28742\/revisions\/28745"}],"wp:featuredmedia":[{"embeddable":true,"href":"https:\/\/ekoporty.szczecin.pl\/index.php?rest_route=\/wp\/v2\/media\/28743"}],"wp:attachment":[{"href":"https:\/\/ekoporty.szczecin.pl\/index.php?rest_route=%2Fwp%2Fv2%2Fmedia&parent=28742"}],"wp:term":[{"taxonomy":"category","embeddable":true,"href":"https:\/\/ekoporty.szczecin.pl\/index.php?rest_route=%2Fwp%2Fv2%2Fcategories&post=28742"},{"taxonomy":"post_tag","embeddable":true,"href":"https:\/\/ekoporty.szczecin.pl\/index.php?rest_route=%2Fwp%2Fv2%2Ftags&post=28742"}],"curies":[{"name":"wp","href":"https:\/\/api.w.org\/{rel}","templated":true}]}}