{"id":46115,"date":"2022-05-23T13:09:42","date_gmt":"2022-05-23T11:09:42","guid":{"rendered":"http:\/\/ekoporty.szczecin.pl\/?p=46115"},"modified":"2022-05-23T13:09:42","modified_gmt":"2022-05-23T11:09:42","slug":"majowa-galeria-szpargalek-zaprasza","status":"publish","type":"post","link":"https:\/\/ekoporty.szczecin.pl\/?p=46115","title":{"rendered":"Majowa Galeria Szparga\u0142ek zaprasza."},"content":{"rendered":"<p style=\"text-align: justify;\"><strong>Mamy przyjemno\u015b\u0107 zaprosi\u0107 Pa\u0144stwa na majow\u0105 edycj\u0119 Galerii Szparga\u0142ek (25.05 &#8211; \u015broda). Jak zwykle Galeria b\u0119dzie do dyspozycji naszych Darczy\u0144c\u00f3w od godziny 10:00 do 17:00. Zach\u0119camy do obejrzenia zdj\u0119\u0107 przygotowanych przedmiot\u00f3w.<\/strong><\/p>\n<p><!--more--><\/p>\n<p><strong>Pomieszczenie numer 1:<\/strong><\/p>\n\n      <div class=\"easy-panorama\"\n        data-graceful-failure=\"1\"\n        data-failure-message=\"Scroll left\/right to pan through panorama.\"\n        data-failure-message-insert=\"after\"\n        data-meta=\"\"\n        data-minimum-overflow=\"0\"\n        data-start-position=\"0.5\"\n        data-minimum-overflow=\"0\"\n        style=\"height:400px\">\n        <img decoding=\"async\" src=\"https:\/\/ekoporty.szczecin.pl\/wp-content\/uploads\/2022\/05\/IMG_5092-scaled.jpg\" title=\"IMG_5092\" alt=\"\">\n      <\/div>\n    \n\n      <div class=\"easy-panorama\"\n        data-graceful-failure=\"1\"\n        data-failure-message=\"Scroll left\/right to pan through panorama.\"\n        data-failure-message-insert=\"after\"\n        data-meta=\"\"\n        data-minimum-overflow=\"0\"\n        data-start-position=\"0.5\"\n        data-minimum-overflow=\"0\"\n        style=\"height:400px\">\n        <img decoding=\"async\" src=\"https:\/\/ekoporty.szczecin.pl\/wp-content\/uploads\/2022\/05\/IMG_5091-scaled.jpg\" title=\"IMG_5091\" alt=\"\">\n      <\/div>\n    \n\n      <div class=\"easy-panorama\"\n        data-graceful-failure=\"1\"\n        data-failure-message=\"Scroll left\/right to pan through panorama.\"\n        data-failure-message-insert=\"after\"\n        data-meta=\"\"\n        data-minimum-overflow=\"0\"\n        data-start-position=\"0.5\"\n        data-minimum-overflow=\"0\"\n        style=\"height:400px\">\n        <img decoding=\"async\" src=\"https:\/\/ekoporty.szczecin.pl\/wp-content\/uploads\/2022\/05\/IMG_5090-scaled.jpg\" title=\"IMG_5090\" alt=\"\">\n      <\/div>\n    \n\n      <div class=\"easy-panorama\"\n        data-graceful-failure=\"1\"\n        data-failure-message=\"Scroll left\/right to pan through panorama.\"\n        data-failure-message-insert=\"after\"\n        data-meta=\"\"\n        data-minimum-overflow=\"0\"\n        data-start-position=\"0.5\"\n        data-minimum-overflow=\"0\"\n        style=\"height:400px\">\n        <img decoding=\"async\" src=\"https:\/\/ekoporty.szczecin.pl\/wp-content\/uploads\/2022\/05\/IMG_5089-scaled.jpg\" title=\"IMG_5089\" alt=\"\">\n      <\/div>\n    \n<p><strong>Pomieszczenie numer 2:<\/strong><\/p>\n\n      <div class=\"easy-panorama\"\n        data-graceful-failure=\"1\"\n        data-failure-message=\"Scroll left\/right to pan through panorama.\"\n        data-failure-message-insert=\"after\"\n        data-meta=\"\"\n        data-minimum-overflow=\"0\"\n        data-start-position=\"0.5\"\n        data-minimum-overflow=\"0\"\n        style=\"height:400px\">\n        <img decoding=\"async\" src=\"https:\/\/ekoporty.szczecin.pl\/wp-content\/uploads\/2022\/05\/IMG_5096-scaled.jpg\" title=\"IMG_5096\" alt=\"\">\n      <\/div>\n    \n\n      <div class=\"easy-panorama\"\n        data-graceful-failure=\"1\"\n        data-failure-message=\"Scroll left\/right to pan through panorama.\"\n        data-failure-message-insert=\"after\"\n        data-meta=\"\"\n        data-minimum-overflow=\"0\"\n        data-start-position=\"0.5\"\n        data-minimum-overflow=\"0\"\n        style=\"height:400px\">\n        <img decoding=\"async\" src=\"https:\/\/ekoporty.szczecin.pl\/wp-content\/uploads\/2022\/05\/IMG_5095-scaled.jpg\" title=\"IMG_5095\" alt=\"\">\n      <\/div>\n    \n\n      <div class=\"easy-panorama\"\n        data-graceful-failure=\"1\"\n        data-failure-message=\"Scroll left\/right to pan through panorama.\"\n        data-failure-message-insert=\"after\"\n        data-meta=\"\"\n        data-minimum-overflow=\"0\"\n        data-start-position=\"0.5\"\n        data-minimum-overflow=\"0\"\n        style=\"height:400px\">\n        <img decoding=\"async\" src=\"https:\/\/ekoporty.szczecin.pl\/wp-content\/uploads\/2022\/05\/IMG_5094-scaled.jpg\" title=\"IMG_5094\" alt=\"\">\n      <\/div>\n    \n\n      <div class=\"easy-panorama\"\n        data-graceful-failure=\"1\"\n        data-failure-message=\"Scroll left\/right to pan through panorama.\"\n        data-failure-message-insert=\"after\"\n        data-meta=\"\"\n        data-minimum-overflow=\"0\"\n        data-start-position=\"0.5\"\n        data-minimum-overflow=\"0\"\n        style=\"height:400px\">\n        <img decoding=\"async\" src=\"https:\/\/ekoporty.szczecin.pl\/wp-content\/uploads\/2022\/05\/IMG_5093-scaled.jpg\" title=\"IMG_5093\" alt=\"\">\n      <\/div>\n    \n<p><strong>Pomieszczenie numer 4:<\/strong><\/p>\n\n      <div class=\"easy-panorama\"\n        data-graceful-failure=\"1\"\n        data-failure-message=\"Scroll left\/right to pan through panorama.\"\n        data-failure-message-insert=\"after\"\n        data-meta=\"\"\n        data-minimum-overflow=\"0\"\n        data-start-position=\"0.5\"\n        data-minimum-overflow=\"0\"\n        style=\"height:400px\">\n        <img decoding=\"async\" src=\"https:\/\/ekoporty.szczecin.pl\/wp-content\/uploads\/2022\/05\/IMG_5097-scaled.jpg\" title=\"IMG_5097\" alt=\"\">\n      <\/div>\n    \n\n      <div class=\"easy-panorama\"\n        data-graceful-failure=\"1\"\n        data-failure-message=\"Scroll left\/right to pan through panorama.\"\n        data-failure-message-insert=\"after\"\n        data-meta=\"\"\n        data-minimum-overflow=\"0\"\n        data-start-position=\"0.5\"\n        data-minimum-overflow=\"0\"\n        style=\"height:400px\">\n        <img decoding=\"async\" src=\"https:\/\/ekoporty.szczecin.pl\/wp-content\/uploads\/2022\/05\/IMG_5098.jpg\" title=\"IMG_5098\" alt=\"\">\n      <\/div>\n    \n\n      <div class=\"easy-panorama\"\n        data-graceful-failure=\"1\"\n        data-failure-message=\"Scroll left\/right to pan through panorama.\"\n        data-failure-message-insert=\"after\"\n        data-meta=\"\"\n        data-minimum-overflow=\"0\"\n        data-start-position=\"0.5\"\n        data-minimum-overflow=\"0\"\n        style=\"height:400px\">\n        <img decoding=\"async\" src=\"https:\/\/ekoporty.szczecin.pl\/wp-content\/uploads\/2022\/05\/IMG_5099-scaled.jpg\" title=\"IMG_5099\" alt=\"\">\n      <\/div>\n    \n<p>&nbsp;<\/p>\n<p>Galeria zdj\u0119\u0107:<\/p>\n<div id='gallery-1' class='gallery galleryid-46115 gallery-columns-3 gallery-size-thumbnail'><figure class='gallery-item'>\n\t\t\t<div class='gallery-icon landscape'>\n\t\t\t\t<a href='https:\/\/ekoporty.szczecin.pl\/?attachment_id=46128'><img loading=\"lazy\" decoding=\"async\" width=\"150\" height=\"150\" src=\"https:\/\/ekoporty.szczecin.pl\/wp-content\/uploads\/2022\/05\/IMG_5100-150x150.jpg\" class=\"attachment-thumbnail size-thumbnail\" alt=\"\" srcset=\"https:\/\/ekoporty.szczecin.pl\/wp-content\/uploads\/2022\/05\/IMG_5100-150x150.jpg 150w, https:\/\/ekoporty.szczecin.pl\/wp-content\/uploads\/2022\/05\/IMG_5100-60x60.jpg 60w\" sizes=\"auto, (max-width: 150px) 100vw, 150px\" \/><\/a>\n\t\t\t<\/div><\/figure><figure class='gallery-item'>\n\t\t\t<div class='gallery-icon landscape'>\n\t\t\t\t<a href='https:\/\/ekoporty.szczecin.pl\/?attachment_id=46129'><img loading=\"lazy\" decoding=\"async\" width=\"150\" height=\"150\" src=\"https:\/\/ekoporty.szczecin.pl\/wp-content\/uploads\/2022\/05\/IMG_5101-150x150.jpg\" class=\"attachment-thumbnail size-thumbnail\" alt=\"\" srcset=\"https:\/\/ekoporty.szczecin.pl\/wp-content\/uploads\/2022\/05\/IMG_5101-150x150.jpg 150w, https:\/\/ekoporty.szczecin.pl\/wp-content\/uploads\/2022\/05\/IMG_5101-60x60.jpg 60w\" sizes=\"auto, (max-width: 150px) 100vw, 150px\" \/><\/a>\n\t\t\t<\/div><\/figure><figure class='gallery-item'>\n\t\t\t<div class='gallery-icon landscape'>\n\t\t\t\t<a href='https:\/\/ekoporty.szczecin.pl\/?attachment_id=46130'><img loading=\"lazy\" decoding=\"async\" width=\"150\" height=\"150\" src=\"https:\/\/ekoporty.szczecin.pl\/wp-content\/uploads\/2022\/05\/IMG_5102-150x150.jpg\" class=\"attachment-thumbnail size-thumbnail\" alt=\"\" srcset=\"https:\/\/ekoporty.szczecin.pl\/wp-content\/uploads\/2022\/05\/IMG_5102-150x150.jpg 150w, https:\/\/ekoporty.szczecin.pl\/wp-content\/uploads\/2022\/05\/IMG_5102-60x60.jpg 60w\" sizes=\"auto, (max-width: 150px) 100vw, 150px\" \/><\/a>\n\t\t\t<\/div><\/figure><figure class='gallery-item'>\n\t\t\t<div class='gallery-icon landscape'>\n\t\t\t\t<a href='https:\/\/ekoporty.szczecin.pl\/?attachment_id=46131'><img loading=\"lazy\" decoding=\"async\" width=\"150\" height=\"150\" src=\"https:\/\/ekoporty.szczecin.pl\/wp-content\/uploads\/2022\/05\/IMG_5103-150x150.jpg\" class=\"attachment-thumbnail size-thumbnail\" alt=\"\" srcset=\"https:\/\/ekoporty.szczecin.pl\/wp-content\/uploads\/2022\/05\/IMG_5103-150x150.jpg 150w, https:\/\/ekoporty.szczecin.pl\/wp-content\/uploads\/2022\/05\/IMG_5103-60x60.jpg 60w\" sizes=\"auto, (max-width: 150px) 100vw, 150px\" \/><\/a>\n\t\t\t<\/div><\/figure><figure class='gallery-item'>\n\t\t\t<div class='gallery-icon landscape'>\n\t\t\t\t<a href='https:\/\/ekoporty.szczecin.pl\/?attachment_id=46132'><img loading=\"lazy\" decoding=\"async\" width=\"150\" height=\"150\" src=\"https:\/\/ekoporty.szczecin.pl\/wp-content\/uploads\/2022\/05\/IMG_5104-150x150.jpg\" class=\"attachment-thumbnail size-thumbnail\" alt=\"\" srcset=\"https:\/\/ekoporty.szczecin.pl\/wp-content\/uploads\/2022\/05\/IMG_5104-150x150.jpg 150w, https:\/\/ekoporty.szczecin.pl\/wp-content\/uploads\/2022\/05\/IMG_5104-60x60.jpg 60w\" sizes=\"auto, (max-width: 150px) 100vw, 150px\" \/><\/a>\n\t\t\t<\/div><\/figure><figure class='gallery-item'>\n\t\t\t<div class='gallery-icon landscape'>\n\t\t\t\t<a href='https:\/\/ekoporty.szczecin.pl\/?attachment_id=46133'><img loading=\"lazy\" decoding=\"async\" width=\"150\" height=\"150\" src=\"https:\/\/ekoporty.szczecin.pl\/wp-content\/uploads\/2022\/05\/IMG_5105-150x150.jpg\" class=\"attachment-thumbnail size-thumbnail\" alt=\"\" srcset=\"https:\/\/ekoporty.szczecin.pl\/wp-content\/uploads\/2022\/05\/IMG_5105-150x150.jpg 150w, https:\/\/ekoporty.szczecin.pl\/wp-content\/uploads\/2022\/05\/IMG_5105-60x60.jpg 60w\" sizes=\"auto, (max-width: 150px) 100vw, 150px\" \/><\/a>\n\t\t\t<\/div><\/figure><figure class='gallery-item'>\n\t\t\t<div class='gallery-icon landscape'>\n\t\t\t\t<a href='https:\/\/ekoporty.szczecin.pl\/?attachment_id=46134'><img loading=\"lazy\" decoding=\"async\" width=\"150\" height=\"150\" src=\"https:\/\/ekoporty.szczecin.pl\/wp-content\/uploads\/2022\/05\/IMG_5106-150x150.jpg\" class=\"attachment-thumbnail size-thumbnail\" alt=\"\" srcset=\"https:\/\/ekoporty.szczecin.pl\/wp-content\/uploads\/2022\/05\/IMG_5106-150x150.jpg 150w, https:\/\/ekoporty.szczecin.pl\/wp-content\/uploads\/2022\/05\/IMG_5106-60x60.jpg 60w\" sizes=\"auto, (max-width: 150px) 100vw, 150px\" \/><\/a>\n\t\t\t<\/div><\/figure><figure class='gallery-item'>\n\t\t\t<div class='gallery-icon landscape'>\n\t\t\t\t<a href='https:\/\/ekoporty.szczecin.pl\/?attachment_id=46135'><img loading=\"lazy\" decoding=\"async\" width=\"150\" height=\"150\" src=\"https:\/\/ekoporty.szczecin.pl\/wp-content\/uploads\/2022\/05\/IMG_5107-150x150.jpg\" class=\"attachment-thumbnail size-thumbnail\" alt=\"\" srcset=\"https:\/\/ekoporty.szczecin.pl\/wp-content\/uploads\/2022\/05\/IMG_5107-150x150.jpg 150w, https:\/\/ekoporty.szczecin.pl\/wp-content\/uploads\/2022\/05\/IMG_5107-60x60.jpg 60w\" sizes=\"auto, (max-width: 150px) 100vw, 150px\" \/><\/a>\n\t\t\t<\/div><\/figure><figure class='gallery-item'>\n\t\t\t<div class='gallery-icon landscape'>\n\t\t\t\t<a href='https:\/\/ekoporty.szczecin.pl\/?attachment_id=46136'><img loading=\"lazy\" decoding=\"async\" width=\"150\" height=\"150\" src=\"https:\/\/ekoporty.szczecin.pl\/wp-content\/uploads\/2022\/05\/IMG_5108-150x150.jpg\" class=\"attachment-thumbnail size-thumbnail\" alt=\"\" srcset=\"https:\/\/ekoporty.szczecin.pl\/wp-content\/uploads\/2022\/05\/IMG_5108-150x150.jpg 150w, https:\/\/ekoporty.szczecin.pl\/wp-content\/uploads\/2022\/05\/IMG_5108-60x60.jpg 60w\" sizes=\"auto, (max-width: 150px) 100vw, 150px\" \/><\/a>\n\t\t\t<\/div><\/figure><figure class='gallery-item'>\n\t\t\t<div class='gallery-icon landscape'>\n\t\t\t\t<a href='https:\/\/ekoporty.szczecin.pl\/?attachment_id=46137'><img loading=\"lazy\" decoding=\"async\" width=\"150\" height=\"150\" src=\"https:\/\/ekoporty.szczecin.pl\/wp-content\/uploads\/2022\/05\/IMG_5109-150x150.jpg\" class=\"attachment-thumbnail size-thumbnail\" alt=\"\" srcset=\"https:\/\/ekoporty.szczecin.pl\/wp-content\/uploads\/2022\/05\/IMG_5109-150x150.jpg 150w, https:\/\/ekoporty.szczecin.pl\/wp-content\/uploads\/2022\/05\/IMG_5109-60x60.jpg 60w\" sizes=\"auto, (max-width: 150px) 100vw, 150px\" \/><\/a>\n\t\t\t<\/div><\/figure><figure class='gallery-item'>\n\t\t\t<div class='gallery-icon landscape'>\n\t\t\t\t<a href='https:\/\/ekoporty.szczecin.pl\/?attachment_id=46138'><img loading=\"lazy\" decoding=\"async\" width=\"150\" height=\"150\" src=\"https:\/\/ekoporty.szczecin.pl\/wp-content\/uploads\/2022\/05\/IMG_5110-150x150.jpg\" class=\"attachment-thumbnail size-thumbnail\" alt=\"\" srcset=\"https:\/\/ekoporty.szczecin.pl\/wp-content\/uploads\/2022\/05\/IMG_5110-150x150.jpg 150w, https:\/\/ekoporty.szczecin.pl\/wp-content\/uploads\/2022\/05\/IMG_5110-60x60.jpg 60w\" sizes=\"auto, (max-width: 150px) 100vw, 150px\" \/><\/a>\n\t\t\t<\/div><\/figure><figure class='gallery-item'>\n\t\t\t<div class='gallery-icon landscape'>\n\t\t\t\t<a href='https:\/\/ekoporty.szczecin.pl\/?attachment_id=46139'><img loading=\"lazy\" decoding=\"async\" width=\"150\" height=\"150\" src=\"https:\/\/ekoporty.szczecin.pl\/wp-content\/uploads\/2022\/05\/IMG_5111-150x150.jpg\" class=\"attachment-thumbnail size-thumbnail\" alt=\"\" srcset=\"https:\/\/ekoporty.szczecin.pl\/wp-content\/uploads\/2022\/05\/IMG_5111-150x150.jpg 150w, https:\/\/ekoporty.szczecin.pl\/wp-content\/uploads\/2022\/05\/IMG_5111-60x60.jpg 60w\" sizes=\"auto, (max-width: 150px) 100vw, 150px\" \/><\/a>\n\t\t\t<\/div><\/figure><figure class='gallery-item'>\n\t\t\t<div class='gallery-icon landscape'>\n\t\t\t\t<a href='https:\/\/ekoporty.szczecin.pl\/?attachment_id=46140'><img loading=\"lazy\" decoding=\"async\" width=\"150\" height=\"150\" src=\"https:\/\/ekoporty.szczecin.pl\/wp-content\/uploads\/2022\/05\/IMG_5112-150x150.jpg\" class=\"attachment-thumbnail size-thumbnail\" alt=\"\" srcset=\"https:\/\/ekoporty.szczecin.pl\/wp-content\/uploads\/2022\/05\/IMG_5112-150x150.jpg 150w, https:\/\/ekoporty.szczecin.pl\/wp-content\/uploads\/2022\/05\/IMG_5112-60x60.jpg 60w\" sizes=\"auto, (max-width: 150px) 100vw, 150px\" \/><\/a>\n\t\t\t<\/div><\/figure><figure class='gallery-item'>\n\t\t\t<div class='gallery-icon landscape'>\n\t\t\t\t<a href='https:\/\/ekoporty.szczecin.pl\/?attachment_id=46141'><img loading=\"lazy\" decoding=\"async\" width=\"150\" height=\"150\" src=\"https:\/\/ekoporty.szczecin.pl\/wp-content\/uploads\/2022\/05\/IMG_5113-150x150.jpg\" class=\"attachment-thumbnail size-thumbnail\" alt=\"\" srcset=\"https:\/\/ekoporty.szczecin.pl\/wp-content\/uploads\/2022\/05\/IMG_5113-150x150.jpg 150w, https:\/\/ekoporty.szczecin.pl\/wp-content\/uploads\/2022\/05\/IMG_5113-60x60.jpg 60w\" sizes=\"auto, (max-width: 150px) 100vw, 150px\" \/><\/a>\n\t\t\t<\/div><\/figure><figure class='gallery-item'>\n\t\t\t<div class='gallery-icon landscape'>\n\t\t\t\t<a href='https:\/\/ekoporty.szczecin.pl\/?attachment_id=46142'><img loading=\"lazy\" decoding=\"async\" width=\"150\" height=\"150\" src=\"https:\/\/ekoporty.szczecin.pl\/wp-content\/uploads\/2022\/05\/IMG_5114-150x150.jpg\" class=\"attachment-thumbnail size-thumbnail\" alt=\"\" srcset=\"https:\/\/ekoporty.szczecin.pl\/wp-content\/uploads\/2022\/05\/IMG_5114-150x150.jpg 150w, https:\/\/ekoporty.szczecin.pl\/wp-content\/uploads\/2022\/05\/IMG_5114-60x60.jpg 60w\" sizes=\"auto, (max-width: 150px) 100vw, 150px\" \/><\/a>\n\t\t\t<\/div><\/figure><figure class='gallery-item'>\n\t\t\t<div class='gallery-icon landscape'>\n\t\t\t\t<a href='https:\/\/ekoporty.szczecin.pl\/?attachment_id=46143'><img loading=\"lazy\" decoding=\"async\" width=\"150\" height=\"150\" src=\"https:\/\/ekoporty.szczecin.pl\/wp-content\/uploads\/2022\/05\/IMG_5115-150x150.jpg\" class=\"attachment-thumbnail size-thumbnail\" alt=\"\" srcset=\"https:\/\/ekoporty.szczecin.pl\/wp-content\/uploads\/2022\/05\/IMG_5115-150x150.jpg 150w, https:\/\/ekoporty.szczecin.pl\/wp-content\/uploads\/2022\/05\/IMG_5115-60x60.jpg 60w\" sizes=\"auto, (max-width: 150px) 100vw, 150px\" \/><\/a>\n\t\t\t<\/div><\/figure><figure class='gallery-item'>\n\t\t\t<div class='gallery-icon landscape'>\n\t\t\t\t<a href='https:\/\/ekoporty.szczecin.pl\/?attachment_id=46144'><img loading=\"lazy\" decoding=\"async\" width=\"150\" height=\"150\" src=\"https:\/\/ekoporty.szczecin.pl\/wp-content\/uploads\/2022\/05\/IMG_5116-150x150.jpg\" class=\"attachment-thumbnail size-thumbnail\" alt=\"\" srcset=\"https:\/\/ekoporty.szczecin.pl\/wp-content\/uploads\/2022\/05\/IMG_5116-150x150.jpg 150w, https:\/\/ekoporty.szczecin.pl\/wp-content\/uploads\/2022\/05\/IMG_5116-60x60.jpg 60w\" sizes=\"auto, (max-width: 150px) 100vw, 150px\" \/><\/a>\n\t\t\t<\/div><\/figure><figure class='gallery-item'>\n\t\t\t<div class='gallery-icon landscape'>\n\t\t\t\t<a href='https:\/\/ekoporty.szczecin.pl\/?attachment_id=46145'><img loading=\"lazy\" decoding=\"async\" width=\"150\" height=\"150\" src=\"https:\/\/ekoporty.szczecin.pl\/wp-content\/uploads\/2022\/05\/IMG_5117-150x150.jpg\" class=\"attachment-thumbnail size-thumbnail\" alt=\"\" srcset=\"https:\/\/ekoporty.szczecin.pl\/wp-content\/uploads\/2022\/05\/IMG_5117-150x150.jpg 150w, https:\/\/ekoporty.szczecin.pl\/wp-content\/uploads\/2022\/05\/IMG_5117-60x60.jpg 60w\" sizes=\"auto, (max-width: 150px) 100vw, 150px\" \/><\/a>\n\t\t\t<\/div><\/figure><figure class='gallery-item'>\n\t\t\t<div class='gallery-icon landscape'>\n\t\t\t\t<a href='https:\/\/ekoporty.szczecin.pl\/?attachment_id=46146'><img loading=\"lazy\" decoding=\"async\" width=\"150\" height=\"150\" src=\"https:\/\/ekoporty.szczecin.pl\/wp-content\/uploads\/2022\/05\/IMG_5118-150x150.jpg\" class=\"attachment-thumbnail size-thumbnail\" alt=\"\" srcset=\"https:\/\/ekoporty.szczecin.pl\/wp-content\/uploads\/2022\/05\/IMG_5118-150x150.jpg 150w, https:\/\/ekoporty.szczecin.pl\/wp-content\/uploads\/2022\/05\/IMG_5118-60x60.jpg 60w\" sizes=\"auto, (max-width: 150px) 100vw, 150px\" \/><\/a>\n\t\t\t<\/div><\/figure><figure class='gallery-item'>\n\t\t\t<div class='gallery-icon landscape'>\n\t\t\t\t<a href='https:\/\/ekoporty.szczecin.pl\/?attachment_id=46147'><img loading=\"lazy\" decoding=\"async\" width=\"150\" height=\"150\" src=\"https:\/\/ekoporty.szczecin.pl\/wp-content\/uploads\/2022\/05\/IMG_5119-150x150.jpg\" class=\"attachment-thumbnail size-thumbnail\" alt=\"\" srcset=\"https:\/\/ekoporty.szczecin.pl\/wp-content\/uploads\/2022\/05\/IMG_5119-150x150.jpg 150w, https:\/\/ekoporty.szczecin.pl\/wp-content\/uploads\/2022\/05\/IMG_5119-60x60.jpg 60w\" sizes=\"auto, (max-width: 150px) 100vw, 150px\" \/><\/a>\n\t\t\t<\/div><\/figure><figure class='gallery-item'>\n\t\t\t<div class='gallery-icon landscape'>\n\t\t\t\t<a href='https:\/\/ekoporty.szczecin.pl\/?attachment_id=46148'><img loading=\"lazy\" decoding=\"async\" width=\"150\" height=\"150\" src=\"https:\/\/ekoporty.szczecin.pl\/wp-content\/uploads\/2022\/05\/IMG_5120-150x150.jpg\" class=\"attachment-thumbnail size-thumbnail\" alt=\"\" srcset=\"https:\/\/ekoporty.szczecin.pl\/wp-content\/uploads\/2022\/05\/IMG_5120-150x150.jpg 150w, https:\/\/ekoporty.szczecin.pl\/wp-content\/uploads\/2022\/05\/IMG_5120-60x60.jpg 60w\" sizes=\"auto, (max-width: 150px) 100vw, 150px\" \/><\/a>\n\t\t\t<\/div><\/figure><figure class='gallery-item'>\n\t\t\t<div class='gallery-icon landscape'>\n\t\t\t\t<a href='https:\/\/ekoporty.szczecin.pl\/?attachment_id=46149'><img loading=\"lazy\" decoding=\"async\" width=\"150\" height=\"150\" src=\"https:\/\/ekoporty.szczecin.pl\/wp-content\/uploads\/2022\/05\/IMG_5121-150x150.jpg\" class=\"attachment-thumbnail size-thumbnail\" alt=\"\" srcset=\"https:\/\/ekoporty.szczecin.pl\/wp-content\/uploads\/2022\/05\/IMG_5121-150x150.jpg 150w, https:\/\/ekoporty.szczecin.pl\/wp-content\/uploads\/2022\/05\/IMG_5121-60x60.jpg 60w\" sizes=\"auto, (max-width: 150px) 100vw, 150px\" \/><\/a>\n\t\t\t<\/div><\/figure><figure class='gallery-item'>\n\t\t\t<div class='gallery-icon landscape'>\n\t\t\t\t<a href='https:\/\/ekoporty.szczecin.pl\/?attachment_id=46150'><img loading=\"lazy\" decoding=\"async\" width=\"150\" height=\"150\" src=\"https:\/\/ekoporty.szczecin.pl\/wp-content\/uploads\/2022\/05\/IMG_5122-150x150.jpg\" class=\"attachment-thumbnail size-thumbnail\" alt=\"\" srcset=\"https:\/\/ekoporty.szczecin.pl\/wp-content\/uploads\/2022\/05\/IMG_5122-150x150.jpg 150w, https:\/\/ekoporty.szczecin.pl\/wp-content\/uploads\/2022\/05\/IMG_5122-60x60.jpg 60w\" sizes=\"auto, (max-width: 150px) 100vw, 150px\" \/><\/a>\n\t\t\t<\/div><\/figure><figure class='gallery-item'>\n\t\t\t<div class='gallery-icon landscape'>\n\t\t\t\t<a href='https:\/\/ekoporty.szczecin.pl\/?attachment_id=46151'><img loading=\"lazy\" decoding=\"async\" width=\"150\" height=\"150\" src=\"https:\/\/ekoporty.szczecin.pl\/wp-content\/uploads\/2022\/05\/IMG_5123-150x150.jpg\" class=\"attachment-thumbnail size-thumbnail\" alt=\"\" srcset=\"https:\/\/ekoporty.szczecin.pl\/wp-content\/uploads\/2022\/05\/IMG_5123-150x150.jpg 150w, https:\/\/ekoporty.szczecin.pl\/wp-content\/uploads\/2022\/05\/IMG_5123-60x60.jpg 60w\" sizes=\"auto, (max-width: 150px) 100vw, 150px\" \/><\/a>\n\t\t\t<\/div><\/figure><figure class='gallery-item'>\n\t\t\t<div class='gallery-icon landscape'>\n\t\t\t\t<a href='https:\/\/ekoporty.szczecin.pl\/?attachment_id=46152'><img loading=\"lazy\" decoding=\"async\" width=\"150\" height=\"150\" src=\"https:\/\/ekoporty.szczecin.pl\/wp-content\/uploads\/2022\/05\/IMG_5124-150x150.jpg\" class=\"attachment-thumbnail size-thumbnail\" alt=\"\" srcset=\"https:\/\/ekoporty.szczecin.pl\/wp-content\/uploads\/2022\/05\/IMG_5124-150x150.jpg 150w, https:\/\/ekoporty.szczecin.pl\/wp-content\/uploads\/2022\/05\/IMG_5124-60x60.jpg 60w\" sizes=\"auto, (max-width: 150px) 100vw, 150px\" \/><\/a>\n\t\t\t<\/div><\/figure><figure class='gallery-item'>\n\t\t\t<div class='gallery-icon landscape'>\n\t\t\t\t<a href='https:\/\/ekoporty.szczecin.pl\/?attachment_id=46153'><img loading=\"lazy\" decoding=\"async\" width=\"150\" height=\"150\" src=\"https:\/\/ekoporty.szczecin.pl\/wp-content\/uploads\/2022\/05\/IMG_5125-150x150.jpg\" class=\"attachment-thumbnail size-thumbnail\" alt=\"\" srcset=\"https:\/\/ekoporty.szczecin.pl\/wp-content\/uploads\/2022\/05\/IMG_5125-150x150.jpg 150w, https:\/\/ekoporty.szczecin.pl\/wp-content\/uploads\/2022\/05\/IMG_5125-60x60.jpg 60w\" sizes=\"auto, (max-width: 150px) 100vw, 150px\" \/><\/a>\n\t\t\t<\/div><\/figure><figure class='gallery-item'>\n\t\t\t<div class='gallery-icon landscape'>\n\t\t\t\t<a href='https:\/\/ekoporty.szczecin.pl\/?attachment_id=46154'><img loading=\"lazy\" decoding=\"async\" width=\"150\" height=\"150\" src=\"https:\/\/ekoporty.szczecin.pl\/wp-content\/uploads\/2022\/05\/IMG_5126-150x150.jpg\" class=\"attachment-thumbnail size-thumbnail\" alt=\"\" srcset=\"https:\/\/ekoporty.szczecin.pl\/wp-content\/uploads\/2022\/05\/IMG_5126-150x150.jpg 150w, https:\/\/ekoporty.szczecin.pl\/wp-content\/uploads\/2022\/05\/IMG_5126-60x60.jpg 60w\" sizes=\"auto, (max-width: 150px) 100vw, 150px\" \/><\/a>\n\t\t\t<\/div><\/figure><figure class='gallery-item'>\n\t\t\t<div class='gallery-icon landscape'>\n\t\t\t\t<a href='https:\/\/ekoporty.szczecin.pl\/?attachment_id=46155'><img loading=\"lazy\" decoding=\"async\" width=\"150\" height=\"150\" src=\"https:\/\/ekoporty.szczecin.pl\/wp-content\/uploads\/2022\/05\/IMG_5127-150x150.jpg\" class=\"attachment-thumbnail size-thumbnail\" alt=\"\" srcset=\"https:\/\/ekoporty.szczecin.pl\/wp-content\/uploads\/2022\/05\/IMG_5127-150x150.jpg 150w, https:\/\/ekoporty.szczecin.pl\/wp-content\/uploads\/2022\/05\/IMG_5127-60x60.jpg 60w\" sizes=\"auto, (max-width: 150px) 100vw, 150px\" \/><\/a>\n\t\t\t<\/div><\/figure><figure class='gallery-item'>\n\t\t\t<div class='gallery-icon landscape'>\n\t\t\t\t<a href='https:\/\/ekoporty.szczecin.pl\/?attachment_id=46156'><img loading=\"lazy\" decoding=\"async\" width=\"150\" height=\"150\" src=\"https:\/\/ekoporty.szczecin.pl\/wp-content\/uploads\/2022\/05\/IMG_5128-150x150.jpg\" class=\"attachment-thumbnail size-thumbnail\" alt=\"\" srcset=\"https:\/\/ekoporty.szczecin.pl\/wp-content\/uploads\/2022\/05\/IMG_5128-150x150.jpg 150w, https:\/\/ekoporty.szczecin.pl\/wp-content\/uploads\/2022\/05\/IMG_5128-60x60.jpg 60w\" sizes=\"auto, (max-width: 150px) 100vw, 150px\" \/><\/a>\n\t\t\t<\/div><\/figure><figure class='gallery-item'>\n\t\t\t<div class='gallery-icon landscape'>\n\t\t\t\t<a href='https:\/\/ekoporty.szczecin.pl\/?attachment_id=46157'><img loading=\"lazy\" decoding=\"async\" width=\"150\" height=\"150\" src=\"https:\/\/ekoporty.szczecin.pl\/wp-content\/uploads\/2022\/05\/IMG_5129-150x150.jpg\" class=\"attachment-thumbnail size-thumbnail\" alt=\"\" srcset=\"https:\/\/ekoporty.szczecin.pl\/wp-content\/uploads\/2022\/05\/IMG_5129-150x150.jpg 150w, https:\/\/ekoporty.szczecin.pl\/wp-content\/uploads\/2022\/05\/IMG_5129-60x60.jpg 60w\" sizes=\"auto, (max-width: 150px) 100vw, 150px\" \/><\/a>\n\t\t\t<\/div><\/figure><figure class='gallery-item'>\n\t\t\t<div class='gallery-icon landscape'>\n\t\t\t\t<a href='https:\/\/ekoporty.szczecin.pl\/?attachment_id=46158'><img loading=\"lazy\" decoding=\"async\" width=\"150\" height=\"150\" src=\"https:\/\/ekoporty.szczecin.pl\/wp-content\/uploads\/2022\/05\/IMG_5130-150x150.jpg\" class=\"attachment-thumbnail size-thumbnail\" alt=\"\" srcset=\"https:\/\/ekoporty.szczecin.pl\/wp-content\/uploads\/2022\/05\/IMG_5130-150x150.jpg 150w, https:\/\/ekoporty.szczecin.pl\/wp-content\/uploads\/2022\/05\/IMG_5130-60x60.jpg 60w\" sizes=\"auto, (max-width: 150px) 100vw, 150px\" \/><\/a>\n\t\t\t<\/div><\/figure><figure class='gallery-item'>\n\t\t\t<div class='gallery-icon landscape'>\n\t\t\t\t<a href='https:\/\/ekoporty.szczecin.pl\/?attachment_id=46159'><img loading=\"lazy\" decoding=\"async\" width=\"150\" height=\"150\" src=\"https:\/\/ekoporty.szczecin.pl\/wp-content\/uploads\/2022\/05\/IMG_5131-150x150.jpg\" class=\"attachment-thumbnail size-thumbnail\" alt=\"\" srcset=\"https:\/\/ekoporty.szczecin.pl\/wp-content\/uploads\/2022\/05\/IMG_5131-150x150.jpg 150w, https:\/\/ekoporty.szczecin.pl\/wp-content\/uploads\/2022\/05\/IMG_5131-60x60.jpg 60w\" sizes=\"auto, (max-width: 150px) 100vw, 150px\" \/><\/a>\n\t\t\t<\/div><\/figure><figure class='gallery-item'>\n\t\t\t<div class='gallery-icon landscape'>\n\t\t\t\t<a href='https:\/\/ekoporty.szczecin.pl\/?attachment_id=46160'><img loading=\"lazy\" decoding=\"async\" width=\"150\" height=\"150\" src=\"https:\/\/ekoporty.szczecin.pl\/wp-content\/uploads\/2022\/05\/IMG_5132-150x150.jpg\" class=\"attachment-thumbnail size-thumbnail\" alt=\"\" srcset=\"https:\/\/ekoporty.szczecin.pl\/wp-content\/uploads\/2022\/05\/IMG_5132-150x150.jpg 150w, https:\/\/ekoporty.szczecin.pl\/wp-content\/uploads\/2022\/05\/IMG_5132-60x60.jpg 60w\" sizes=\"auto, (max-width: 150px) 100vw, 150px\" \/><\/a>\n\t\t\t<\/div><\/figure><figure class='gallery-item'>\n\t\t\t<div class='gallery-icon landscape'>\n\t\t\t\t<a href='https:\/\/ekoporty.szczecin.pl\/?attachment_id=46161'><img loading=\"lazy\" decoding=\"async\" width=\"150\" height=\"150\" src=\"https:\/\/ekoporty.szczecin.pl\/wp-content\/uploads\/2022\/05\/IMG_5133-150x150.jpg\" class=\"attachment-thumbnail size-thumbnail\" alt=\"\" srcset=\"https:\/\/ekoporty.szczecin.pl\/wp-content\/uploads\/2022\/05\/IMG_5133-150x150.jpg 150w, https:\/\/ekoporty.szczecin.pl\/wp-content\/uploads\/2022\/05\/IMG_5133-60x60.jpg 60w\" sizes=\"auto, (max-width: 150px) 100vw, 150px\" \/><\/a>\n\t\t\t<\/div><\/figure>\n\t\t<\/div>\n\n","protected":false},"excerpt":{"rendered":"<p>Mamy przyjemno\u015b\u0107 zaprosi\u0107 Pa\u0144stwa na majow\u0105 edycj\u0119 Galerii Szparga\u0142ek (25.05 &#8211; \u015broda). Jak zwykle Galeria b\u0119dzie do dyspozycji naszych Darczy\u0144c\u00f3w od godziny 10:00 do 17:00. Zach\u0119camy do obejrzenia zdj\u0119\u0107 przygotowanych przedmiot\u00f3w.<\/p>\n","protected":false},"author":7,"featured_media":46125,"comment_status":"closed","ping_status":"closed","sticky":false,"template":"","format":"standard","meta":{"_jetpack_memberships_contains_paid_content":false,"footnotes":"","jetpack_publicize_message":"","jetpack_publicize_feature_enabled":true,"jetpack_social_post_already_shared":true,"jetpack_social_options":{"image_generator_settings":{"template":"highway","default_image_id":0,"font":"","enabled":false},"version":2}},"categories":[1],"tags":[],"class_list":["post-46115","post","type-post","status-publish","format-standard","has-post-thumbnail","hentry","category-bez-kategorii"],"yoast_head":"<!-- This site is optimized with the Yoast SEO plugin v27.5 - https:\/\/yoast.com\/product\/yoast-seo-wordpress\/ -->\n<title>Majowa Galeria Szparga\u0142ek zaprasza. &#171; EKOPORTY SZCZECIN<\/title>\n<meta name=\"robots\" content=\"index, follow, max-snippet:-1, max-image-preview:large, max-video-preview:-1\" \/>\n<link rel=\"canonical\" href=\"https:\/\/ekoporty.szczecin.pl\/?p=46115\" \/>\n<meta property=\"og:locale\" content=\"pl_PL\" \/>\n<meta property=\"og:type\" content=\"article\" \/>\n<meta property=\"og:title\" content=\"Majowa Galeria Szparga\u0142ek zaprasza. &#171; EKOPORTY SZCZECIN\" \/>\n<meta property=\"og:description\" content=\"Mamy przyjemno\u015b\u0107 zaprosi\u0107 Pa\u0144stwa na majow\u0105 edycj\u0119 Galerii Szparga\u0142ek (25.05 &#8211; \u015broda). Jak zwykle Galeria b\u0119dzie do dyspozycji naszych Darczy\u0144c\u00f3w od godziny 10:00 do 17:00. Zach\u0119camy do obejrzenia zdj\u0119\u0107 przygotowanych przedmiot\u00f3w.\" \/>\n<meta property=\"og:url\" content=\"https:\/\/ekoporty.szczecin.pl\/?p=46115\" \/>\n<meta property=\"og:site_name\" content=\"EKOPORTY SZCZECIN\" \/>\n<meta property=\"article:published_time\" content=\"2022-05-23T11:09:42+00:00\" \/>\n<meta property=\"og:image\" content=\"https:\/\/ekoporty.szczecin.pl\/wp-content\/uploads\/2022\/05\/IMG_5095-scaled.jpg\" \/>\n\t<meta property=\"og:image:width\" content=\"2560\" \/>\n\t<meta property=\"og:image:height\" content=\"1139\" \/>\n\t<meta property=\"og:image:type\" content=\"image\/jpeg\" \/>\n<meta name=\"author\" content=\"Karol\" \/>\n<meta name=\"twitter:card\" content=\"summary_large_image\" \/>\n<meta name=\"twitter:label1\" content=\"Napisane przez\" \/>\n\t<meta name=\"twitter:data1\" content=\"Karol\" \/>\n\t<meta name=\"twitter:label2\" content=\"Szacowany czas czytania\" \/>\n\t<meta name=\"twitter:data2\" content=\"1 minuta\" \/>\n<script type=\"application\/ld+json\" class=\"yoast-schema-graph\">{\"@context\":\"https:\\\/\\\/schema.org\",\"@graph\":[{\"@type\":\"Article\",\"@id\":\"https:\\\/\\\/ekoporty.szczecin.pl\\\/?p=46115#article\",\"isPartOf\":{\"@id\":\"https:\\\/\\\/ekoporty.szczecin.pl\\\/?p=46115\"},\"author\":{\"name\":\"Karol\",\"@id\":\"https:\\\/\\\/ekoporty.szczecin.pl\\\/#\\\/schema\\\/person\\\/227a44bf75721f95d393ad3bf7aff444\"},\"headline\":\"Majowa Galeria Szparga\u0142ek zaprasza.\",\"datePublished\":\"2022-05-23T11:09:42+00:00\",\"mainEntityOfPage\":{\"@id\":\"https:\\\/\\\/ekoporty.szczecin.pl\\\/?p=46115\"},\"wordCount\":86,\"publisher\":{\"@id\":\"https:\\\/\\\/ekoporty.szczecin.pl\\\/#organization\"},\"image\":{\"@id\":\"https:\\\/\\\/ekoporty.szczecin.pl\\\/?p=46115#primaryimage\"},\"thumbnailUrl\":\"https:\\\/\\\/ekoporty.szczecin.pl\\\/wp-content\\\/uploads\\\/2022\\\/05\\\/IMG_5095-scaled.jpg\",\"inLanguage\":\"pl-PL\"},{\"@type\":\"WebPage\",\"@id\":\"https:\\\/\\\/ekoporty.szczecin.pl\\\/?p=46115\",\"url\":\"https:\\\/\\\/ekoporty.szczecin.pl\\\/?p=46115\",\"name\":\"Majowa Galeria Szparga\u0142ek zaprasza. &#171; EKOPORTY SZCZECIN\",\"isPartOf\":{\"@id\":\"https:\\\/\\\/ekoporty.szczecin.pl\\\/#website\"},\"primaryImageOfPage\":{\"@id\":\"https:\\\/\\\/ekoporty.szczecin.pl\\\/?p=46115#primaryimage\"},\"image\":{\"@id\":\"https:\\\/\\\/ekoporty.szczecin.pl\\\/?p=46115#primaryimage\"},\"thumbnailUrl\":\"https:\\\/\\\/ekoporty.szczecin.pl\\\/wp-content\\\/uploads\\\/2022\\\/05\\\/IMG_5095-scaled.jpg\",\"datePublished\":\"2022-05-23T11:09:42+00:00\",\"breadcrumb\":{\"@id\":\"https:\\\/\\\/ekoporty.szczecin.pl\\\/?p=46115#breadcrumb\"},\"inLanguage\":\"pl-PL\",\"potentialAction\":[{\"@type\":\"ReadAction\",\"target\":[\"https:\\\/\\\/ekoporty.szczecin.pl\\\/?p=46115\"]}]},{\"@type\":\"ImageObject\",\"inLanguage\":\"pl-PL\",\"@id\":\"https:\\\/\\\/ekoporty.szczecin.pl\\\/?p=46115#primaryimage\",\"url\":\"https:\\\/\\\/ekoporty.szczecin.pl\\\/wp-content\\\/uploads\\\/2022\\\/05\\\/IMG_5095-scaled.jpg\",\"contentUrl\":\"https:\\\/\\\/ekoporty.szczecin.pl\\\/wp-content\\\/uploads\\\/2022\\\/05\\\/IMG_5095-scaled.jpg\",\"width\":2560,\"height\":1139},{\"@type\":\"BreadcrumbList\",\"@id\":\"https:\\\/\\\/ekoporty.szczecin.pl\\\/?p=46115#breadcrumb\",\"itemListElement\":[{\"@type\":\"ListItem\",\"position\":1,\"name\":\"Strona g\u0142\u00f3wna\",\"item\":\"https:\\\/\\\/ekoporty.szczecin.pl\\\/\"},{\"@type\":\"ListItem\",\"position\":2,\"name\":\"Majowa Galeria Szparga\u0142ek zaprasza.\"}]},{\"@type\":\"WebSite\",\"@id\":\"https:\\\/\\\/ekoporty.szczecin.pl\\\/#website\",\"url\":\"https:\\\/\\\/ekoporty.szczecin.pl\\\/\",\"name\":\"Ekoporty\",\"description\":\"ZUK Szczecin - Punkty Selektywnej Zbi\u00f3rki Odpad\u00f3w Komunalnych - Zapraszamy\",\"publisher\":{\"@id\":\"https:\\\/\\\/ekoporty.szczecin.pl\\\/#organization\"},\"potentialAction\":[{\"@type\":\"SearchAction\",\"target\":{\"@type\":\"EntryPoint\",\"urlTemplate\":\"https:\\\/\\\/ekoporty.szczecin.pl\\\/?s={search_term_string}\"},\"query-input\":{\"@type\":\"PropertyValueSpecification\",\"valueRequired\":true,\"valueName\":\"search_term_string\"}}],\"inLanguage\":\"pl-PL\"},{\"@type\":\"Organization\",\"@id\":\"https:\\\/\\\/ekoporty.szczecin.pl\\\/#organization\",\"name\":\"Zak\u0142ad Us\u0142ug Komunalnych Szczecin\",\"url\":\"https:\\\/\\\/ekoporty.szczecin.pl\\\/\",\"logo\":{\"@type\":\"ImageObject\",\"inLanguage\":\"pl-PL\",\"@id\":\"https:\\\/\\\/ekoporty.szczecin.pl\\\/#\\\/schema\\\/logo\\\/image\\\/\",\"url\":\"http:\\\/\\\/ekoporty.szczecin.pl\\\/wp-content\\\/uploads\\\/2018\\\/03\\\/logo5.jpg\",\"contentUrl\":\"http:\\\/\\\/ekoporty.szczecin.pl\\\/wp-content\\\/uploads\\\/2018\\\/03\\\/logo5.jpg\",\"width\":260,\"height\":66,\"caption\":\"Zak\u0142ad Us\u0142ug Komunalnych Szczecin\"},\"image\":{\"@id\":\"https:\\\/\\\/ekoporty.szczecin.pl\\\/#\\\/schema\\\/logo\\\/image\\\/\"}},{\"@type\":\"Person\",\"@id\":\"https:\\\/\\\/ekoporty.szczecin.pl\\\/#\\\/schema\\\/person\\\/227a44bf75721f95d393ad3bf7aff444\",\"name\":\"Karol\",\"image\":{\"@type\":\"ImageObject\",\"inLanguage\":\"pl-PL\",\"@id\":\"https:\\\/\\\/secure.gravatar.com\\\/avatar\\\/0f5b9c196349a42eed98cb7f5c7749512080f111047352f2ec2579a0183e06e1?s=96&d=mm&r=g\",\"url\":\"https:\\\/\\\/secure.gravatar.com\\\/avatar\\\/0f5b9c196349a42eed98cb7f5c7749512080f111047352f2ec2579a0183e06e1?s=96&d=mm&r=g\",\"contentUrl\":\"https:\\\/\\\/secure.gravatar.com\\\/avatar\\\/0f5b9c196349a42eed98cb7f5c7749512080f111047352f2ec2579a0183e06e1?s=96&d=mm&r=g\",\"caption\":\"Karol\"},\"url\":\"https:\\\/\\\/ekoporty.szczecin.pl\\\/?author=7\"}]}<\/script>\n<!-- \/ Yoast SEO plugin. -->","yoast_head_json":{"title":"Majowa Galeria Szparga\u0142ek zaprasza. &#171; EKOPORTY SZCZECIN","robots":{"index":"index","follow":"follow","max-snippet":"max-snippet:-1","max-image-preview":"max-image-preview:large","max-video-preview":"max-video-preview:-1"},"canonical":"https:\/\/ekoporty.szczecin.pl\/?p=46115","og_locale":"pl_PL","og_type":"article","og_title":"Majowa Galeria Szparga\u0142ek zaprasza. &#171; EKOPORTY SZCZECIN","og_description":"Mamy przyjemno\u015b\u0107 zaprosi\u0107 Pa\u0144stwa na majow\u0105 edycj\u0119 Galerii Szparga\u0142ek (25.05 &#8211; \u015broda). Jak zwykle Galeria b\u0119dzie do dyspozycji naszych Darczy\u0144c\u00f3w od godziny 10:00 do 17:00. Zach\u0119camy do obejrzenia zdj\u0119\u0107 przygotowanych przedmiot\u00f3w.","og_url":"https:\/\/ekoporty.szczecin.pl\/?p=46115","og_site_name":"EKOPORTY SZCZECIN","article_published_time":"2022-05-23T11:09:42+00:00","og_image":[{"width":2560,"height":1139,"url":"https:\/\/ekoporty.szczecin.pl\/wp-content\/uploads\/2022\/05\/IMG_5095-scaled.jpg","type":"image\/jpeg"}],"author":"Karol","twitter_card":"summary_large_image","twitter_misc":{"Napisane przez":"Karol","Szacowany czas czytania":"1 minuta"},"schema":{"@context":"https:\/\/schema.org","@graph":[{"@type":"Article","@id":"https:\/\/ekoporty.szczecin.pl\/?p=46115#article","isPartOf":{"@id":"https:\/\/ekoporty.szczecin.pl\/?p=46115"},"author":{"name":"Karol","@id":"https:\/\/ekoporty.szczecin.pl\/#\/schema\/person\/227a44bf75721f95d393ad3bf7aff444"},"headline":"Majowa Galeria Szparga\u0142ek zaprasza.","datePublished":"2022-05-23T11:09:42+00:00","mainEntityOfPage":{"@id":"https:\/\/ekoporty.szczecin.pl\/?p=46115"},"wordCount":86,"publisher":{"@id":"https:\/\/ekoporty.szczecin.pl\/#organization"},"image":{"@id":"https:\/\/ekoporty.szczecin.pl\/?p=46115#primaryimage"},"thumbnailUrl":"https:\/\/ekoporty.szczecin.pl\/wp-content\/uploads\/2022\/05\/IMG_5095-scaled.jpg","inLanguage":"pl-PL"},{"@type":"WebPage","@id":"https:\/\/ekoporty.szczecin.pl\/?p=46115","url":"https:\/\/ekoporty.szczecin.pl\/?p=46115","name":"Majowa Galeria Szparga\u0142ek zaprasza. &#171; EKOPORTY SZCZECIN","isPartOf":{"@id":"https:\/\/ekoporty.szczecin.pl\/#website"},"primaryImageOfPage":{"@id":"https:\/\/ekoporty.szczecin.pl\/?p=46115#primaryimage"},"image":{"@id":"https:\/\/ekoporty.szczecin.pl\/?p=46115#primaryimage"},"thumbnailUrl":"https:\/\/ekoporty.szczecin.pl\/wp-content\/uploads\/2022\/05\/IMG_5095-scaled.jpg","datePublished":"2022-05-23T11:09:42+00:00","breadcrumb":{"@id":"https:\/\/ekoporty.szczecin.pl\/?p=46115#breadcrumb"},"inLanguage":"pl-PL","potentialAction":[{"@type":"ReadAction","target":["https:\/\/ekoporty.szczecin.pl\/?p=46115"]}]},{"@type":"ImageObject","inLanguage":"pl-PL","@id":"https:\/\/ekoporty.szczecin.pl\/?p=46115#primaryimage","url":"https:\/\/ekoporty.szczecin.pl\/wp-content\/uploads\/2022\/05\/IMG_5095-scaled.jpg","contentUrl":"https:\/\/ekoporty.szczecin.pl\/wp-content\/uploads\/2022\/05\/IMG_5095-scaled.jpg","width":2560,"height":1139},{"@type":"BreadcrumbList","@id":"https:\/\/ekoporty.szczecin.pl\/?p=46115#breadcrumb","itemListElement":[{"@type":"ListItem","position":1,"name":"Strona g\u0142\u00f3wna","item":"https:\/\/ekoporty.szczecin.pl\/"},{"@type":"ListItem","position":2,"name":"Majowa Galeria Szparga\u0142ek zaprasza."}]},{"@type":"WebSite","@id":"https:\/\/ekoporty.szczecin.pl\/#website","url":"https:\/\/ekoporty.szczecin.pl\/","name":"Ekoporty","description":"ZUK Szczecin - Punkty Selektywnej Zbi\u00f3rki Odpad\u00f3w Komunalnych - Zapraszamy","publisher":{"@id":"https:\/\/ekoporty.szczecin.pl\/#organization"},"potentialAction":[{"@type":"SearchAction","target":{"@type":"EntryPoint","urlTemplate":"https:\/\/ekoporty.szczecin.pl\/?s={search_term_string}"},"query-input":{"@type":"PropertyValueSpecification","valueRequired":true,"valueName":"search_term_string"}}],"inLanguage":"pl-PL"},{"@type":"Organization","@id":"https:\/\/ekoporty.szczecin.pl\/#organization","name":"Zak\u0142ad Us\u0142ug Komunalnych Szczecin","url":"https:\/\/ekoporty.szczecin.pl\/","logo":{"@type":"ImageObject","inLanguage":"pl-PL","@id":"https:\/\/ekoporty.szczecin.pl\/#\/schema\/logo\/image\/","url":"http:\/\/ekoporty.szczecin.pl\/wp-content\/uploads\/2018\/03\/logo5.jpg","contentUrl":"http:\/\/ekoporty.szczecin.pl\/wp-content\/uploads\/2018\/03\/logo5.jpg","width":260,"height":66,"caption":"Zak\u0142ad Us\u0142ug Komunalnych Szczecin"},"image":{"@id":"https:\/\/ekoporty.szczecin.pl\/#\/schema\/logo\/image\/"}},{"@type":"Person","@id":"https:\/\/ekoporty.szczecin.pl\/#\/schema\/person\/227a44bf75721f95d393ad3bf7aff444","name":"Karol","image":{"@type":"ImageObject","inLanguage":"pl-PL","@id":"https:\/\/secure.gravatar.com\/avatar\/0f5b9c196349a42eed98cb7f5c7749512080f111047352f2ec2579a0183e06e1?s=96&d=mm&r=g","url":"https:\/\/secure.gravatar.com\/avatar\/0f5b9c196349a42eed98cb7f5c7749512080f111047352f2ec2579a0183e06e1?s=96&d=mm&r=g","contentUrl":"https:\/\/secure.gravatar.com\/avatar\/0f5b9c196349a42eed98cb7f5c7749512080f111047352f2ec2579a0183e06e1?s=96&d=mm&r=g","caption":"Karol"},"url":"https:\/\/ekoporty.szczecin.pl\/?author=7"}]}},"jetpack_publicize_connections":[],"jetpack_featured_media_url":"https:\/\/ekoporty.szczecin.pl\/wp-content\/uploads\/2022\/05\/IMG_5095-scaled.jpg","jetpack_sharing_enabled":true,"jetpack_shortlink":"https:\/\/wp.me\/p8ZWwp-bZN","_links":{"self":[{"href":"https:\/\/ekoporty.szczecin.pl\/index.php?rest_route=\/wp\/v2\/posts\/46115","targetHints":{"allow":["GET"]}}],"collection":[{"href":"https:\/\/ekoporty.szczecin.pl\/index.php?rest_route=\/wp\/v2\/posts"}],"about":[{"href":"https:\/\/ekoporty.szczecin.pl\/index.php?rest_route=\/wp\/v2\/types\/post"}],"author":[{"embeddable":true,"href":"https:\/\/ekoporty.szczecin.pl\/index.php?rest_route=\/wp\/v2\/users\/7"}],"replies":[{"embeddable":true,"href":"https:\/\/ekoporty.szczecin.pl\/index.php?rest_route=%2Fwp%2Fv2%2Fcomments&post=46115"}],"version-history":[{"count":2,"href":"https:\/\/ekoporty.szczecin.pl\/index.php?rest_route=\/wp\/v2\/posts\/46115\/revisions"}],"predecessor-version":[{"id":46162,"href":"https:\/\/ekoporty.szczecin.pl\/index.php?rest_route=\/wp\/v2\/posts\/46115\/revisions\/46162"}],"wp:featuredmedia":[{"embeddable":true,"href":"https:\/\/ekoporty.szczecin.pl\/index.php?rest_route=\/wp\/v2\/media\/46125"}],"wp:attachment":[{"href":"https:\/\/ekoporty.szczecin.pl\/index.php?rest_route=%2Fwp%2Fv2%2Fmedia&parent=46115"}],"wp:term":[{"taxonomy":"category","embeddable":true,"href":"https:\/\/ekoporty.szczecin.pl\/index.php?rest_route=%2Fwp%2Fv2%2Fcategories&post=46115"},{"taxonomy":"post_tag","embeddable":true,"href":"https:\/\/ekoporty.szczecin.pl\/index.php?rest_route=%2Fwp%2Fv2%2Ftags&post=46115"}],"curies":[{"name":"wp","href":"https:\/\/api.w.org\/{rel}","templated":true}]}}