{"id":46647,"date":"2023-06-27T08:24:12","date_gmt":"2023-06-27T06:24:12","guid":{"rendered":"http:\/\/ekoporty.szczecin.pl\/?p=46647"},"modified":"2023-06-27T09:23:01","modified_gmt":"2023-06-27T07:23:01","slug":"galeria-szpargalek-w-nowym-wydaniu","status":"publish","type":"post","link":"https:\/\/ekoporty.szczecin.pl\/?p=46647","title":{"rendered":"Galeria Szparga\u0142ek w nowym wydaniu."},"content":{"rendered":"<p style=\"text-align: justify;\"><strong>Mamy przyjemno\u015b\u0107 zaprosi\u0107 Pa\u0144stwa na czerwcow\u0105 edycj\u0119 Galerii Szparga\u0142ek. Wydarzenie odb\u0119dzie si\u0119 28.06.2023 od godziny 10:00 do 17:00. B\u0119dzie to Galeria w nowym wydaniu, w kt\u00f3rym wi\u0119kszo\u015b\u0107 przedmiot\u00f3w zosta\u0142a przeniesiona do du\u017cego gara\u017cu. Od teraz ksi\u0105\u017cki, p\u0142yty CD\/DVD, szk\u0142o, porcelana, akcesoria, zabawki, gry i puzzle znajduj\u0105 si\u0119 w jednym miejscu. Dzi\u0119ki temu mamy i wi\u0119cej miejsca dla naszych Darczy\u0144c\u00f3w i wi\u0119cej przedmiot\u00f3w na p\u00f3\u0142kach. Cz\u0119\u015b\u0107 gabarytowa zosta\u0142a przeniesiona do mniejszego gara\u017cu numer 2. Tu dla Pa\u0144stwa s\u0105 meble, akcesoria sportowe, akcesoria dla zwierz\u0105t a tak\u017ce wiele innych ciekawych przedmiot\u00f3w. Zapraszamy do galerii zdj\u0119\u0107:<\/strong><\/p>\n<p><!--more--><\/p>\n<p><strong>Gara\u017c numer 4 (g\u0142\u00f3wne pomieszczenie):<\/strong><\/p>\n<div id='gallery-1' class='gallery galleryid-46647 gallery-columns-3 gallery-size-thumbnail'><figure class='gallery-item'>\n\t\t\t<div class='gallery-icon landscape'>\n\t\t\t\t<a href='https:\/\/ekoporty.szczecin.pl\/?attachment_id=46589'><img loading=\"lazy\" decoding=\"async\" width=\"150\" height=\"150\" src=\"https:\/\/ekoporty.szczecin.pl\/wp-content\/uploads\/2022\/02\/IMG_3198-150x150.jpg\" class=\"attachment-thumbnail size-thumbnail\" alt=\"\" srcset=\"https:\/\/ekoporty.szczecin.pl\/wp-content\/uploads\/2022\/02\/IMG_3198-150x150.jpg 150w, https:\/\/ekoporty.szczecin.pl\/wp-content\/uploads\/2022\/02\/IMG_3198-60x60.jpg 60w\" sizes=\"auto, (max-width: 150px) 100vw, 150px\" \/><\/a>\n\t\t\t<\/div><\/figure><figure class='gallery-item'>\n\t\t\t<div class='gallery-icon landscape'>\n\t\t\t\t<a href='https:\/\/ekoporty.szczecin.pl\/?attachment_id=46590'><img loading=\"lazy\" decoding=\"async\" width=\"150\" height=\"150\" src=\"https:\/\/ekoporty.szczecin.pl\/wp-content\/uploads\/2022\/02\/IMG_3199-e1687846718678-150x150.jpg\" class=\"attachment-thumbnail size-thumbnail\" alt=\"\" srcset=\"https:\/\/ekoporty.szczecin.pl\/wp-content\/uploads\/2022\/02\/IMG_3199-e1687846718678-150x150.jpg 150w, https:\/\/ekoporty.szczecin.pl\/wp-content\/uploads\/2022\/02\/IMG_3199-e1687846718678-60x60.jpg 60w\" sizes=\"auto, (max-width: 150px) 100vw, 150px\" \/><\/a>\n\t\t\t<\/div><\/figure><figure class='gallery-item'>\n\t\t\t<div class='gallery-icon landscape'>\n\t\t\t\t<a href='https:\/\/ekoporty.szczecin.pl\/?attachment_id=46591'><img loading=\"lazy\" decoding=\"async\" width=\"150\" height=\"150\" src=\"https:\/\/ekoporty.szczecin.pl\/wp-content\/uploads\/2022\/02\/IMG_3200-150x150.jpg\" class=\"attachment-thumbnail size-thumbnail\" alt=\"\" srcset=\"https:\/\/ekoporty.szczecin.pl\/wp-content\/uploads\/2022\/02\/IMG_3200-150x150.jpg 150w, https:\/\/ekoporty.szczecin.pl\/wp-content\/uploads\/2022\/02\/IMG_3200-60x60.jpg 60w\" sizes=\"auto, (max-width: 150px) 100vw, 150px\" \/><\/a>\n\t\t\t<\/div><\/figure><figure class='gallery-item'>\n\t\t\t<div class='gallery-icon landscape'>\n\t\t\t\t<a href='https:\/\/ekoporty.szczecin.pl\/?attachment_id=46592'><img loading=\"lazy\" decoding=\"async\" width=\"150\" height=\"150\" src=\"https:\/\/ekoporty.szczecin.pl\/wp-content\/uploads\/2022\/02\/IMG_3201-150x150.jpg\" class=\"attachment-thumbnail size-thumbnail\" alt=\"\" srcset=\"https:\/\/ekoporty.szczecin.pl\/wp-content\/uploads\/2022\/02\/IMG_3201-150x150.jpg 150w, https:\/\/ekoporty.szczecin.pl\/wp-content\/uploads\/2022\/02\/IMG_3201-60x60.jpg 60w\" sizes=\"auto, (max-width: 150px) 100vw, 150px\" \/><\/a>\n\t\t\t<\/div><\/figure><figure class='gallery-item'>\n\t\t\t<div class='gallery-icon landscape'>\n\t\t\t\t<a href='https:\/\/ekoporty.szczecin.pl\/?attachment_id=46593'><img loading=\"lazy\" decoding=\"async\" width=\"150\" height=\"150\" src=\"https:\/\/ekoporty.szczecin.pl\/wp-content\/uploads\/2022\/02\/IMG_3202-150x150.jpg\" class=\"attachment-thumbnail size-thumbnail\" alt=\"\" srcset=\"https:\/\/ekoporty.szczecin.pl\/wp-content\/uploads\/2022\/02\/IMG_3202-150x150.jpg 150w, https:\/\/ekoporty.szczecin.pl\/wp-content\/uploads\/2022\/02\/IMG_3202-60x60.jpg 60w\" sizes=\"auto, (max-width: 150px) 100vw, 150px\" \/><\/a>\n\t\t\t<\/div><\/figure><figure class='gallery-item'>\n\t\t\t<div class='gallery-icon landscape'>\n\t\t\t\t<a href='https:\/\/ekoporty.szczecin.pl\/?attachment_id=46594'><img loading=\"lazy\" decoding=\"async\" width=\"150\" height=\"150\" src=\"https:\/\/ekoporty.szczecin.pl\/wp-content\/uploads\/2022\/02\/IMG_3203-150x150.jpg\" class=\"attachment-thumbnail size-thumbnail\" alt=\"\" srcset=\"https:\/\/ekoporty.szczecin.pl\/wp-content\/uploads\/2022\/02\/IMG_3203-150x150.jpg 150w, https:\/\/ekoporty.szczecin.pl\/wp-content\/uploads\/2022\/02\/IMG_3203-60x60.jpg 60w\" sizes=\"auto, (max-width: 150px) 100vw, 150px\" \/><\/a>\n\t\t\t<\/div><\/figure><figure class='gallery-item'>\n\t\t\t<div class='gallery-icon landscape'>\n\t\t\t\t<a href='https:\/\/ekoporty.szczecin.pl\/?attachment_id=46595'><img loading=\"lazy\" decoding=\"async\" width=\"150\" height=\"150\" src=\"https:\/\/ekoporty.szczecin.pl\/wp-content\/uploads\/2022\/02\/IMG_3204-150x150.jpg\" class=\"attachment-thumbnail size-thumbnail\" alt=\"\" srcset=\"https:\/\/ekoporty.szczecin.pl\/wp-content\/uploads\/2022\/02\/IMG_3204-150x150.jpg 150w, https:\/\/ekoporty.szczecin.pl\/wp-content\/uploads\/2022\/02\/IMG_3204-60x60.jpg 60w\" sizes=\"auto, (max-width: 150px) 100vw, 150px\" \/><\/a>\n\t\t\t<\/div><\/figure><figure class='gallery-item'>\n\t\t\t<div class='gallery-icon landscape'>\n\t\t\t\t<a href='https:\/\/ekoporty.szczecin.pl\/?attachment_id=46596'><img loading=\"lazy\" decoding=\"async\" width=\"150\" height=\"150\" src=\"https:\/\/ekoporty.szczecin.pl\/wp-content\/uploads\/2022\/02\/IMG_3205-150x150.jpg\" class=\"attachment-thumbnail size-thumbnail\" alt=\"\" srcset=\"https:\/\/ekoporty.szczecin.pl\/wp-content\/uploads\/2022\/02\/IMG_3205-150x150.jpg 150w, https:\/\/ekoporty.szczecin.pl\/wp-content\/uploads\/2022\/02\/IMG_3205-60x60.jpg 60w\" sizes=\"auto, (max-width: 150px) 100vw, 150px\" \/><\/a>\n\t\t\t<\/div><\/figure><figure class='gallery-item'>\n\t\t\t<div class='gallery-icon landscape'>\n\t\t\t\t<a href='https:\/\/ekoporty.szczecin.pl\/?attachment_id=46597'><img loading=\"lazy\" decoding=\"async\" width=\"150\" height=\"150\" src=\"https:\/\/ekoporty.szczecin.pl\/wp-content\/uploads\/2022\/02\/IMG_3206-150x150.jpg\" class=\"attachment-thumbnail size-thumbnail\" alt=\"\" srcset=\"https:\/\/ekoporty.szczecin.pl\/wp-content\/uploads\/2022\/02\/IMG_3206-150x150.jpg 150w, https:\/\/ekoporty.szczecin.pl\/wp-content\/uploads\/2022\/02\/IMG_3206-60x60.jpg 60w\" sizes=\"auto, (max-width: 150px) 100vw, 150px\" \/><\/a>\n\t\t\t<\/div><\/figure><figure class='gallery-item'>\n\t\t\t<div class='gallery-icon landscape'>\n\t\t\t\t<a href='https:\/\/ekoporty.szczecin.pl\/?attachment_id=46598'><img loading=\"lazy\" decoding=\"async\" width=\"150\" height=\"150\" src=\"https:\/\/ekoporty.szczecin.pl\/wp-content\/uploads\/2022\/02\/IMG_3207-150x150.jpg\" class=\"attachment-thumbnail size-thumbnail\" alt=\"\" srcset=\"https:\/\/ekoporty.szczecin.pl\/wp-content\/uploads\/2022\/02\/IMG_3207-150x150.jpg 150w, https:\/\/ekoporty.szczecin.pl\/wp-content\/uploads\/2022\/02\/IMG_3207-60x60.jpg 60w\" sizes=\"auto, (max-width: 150px) 100vw, 150px\" \/><\/a>\n\t\t\t<\/div><\/figure><figure class='gallery-item'>\n\t\t\t<div class='gallery-icon landscape'>\n\t\t\t\t<a href='https:\/\/ekoporty.szczecin.pl\/?attachment_id=46599'><img loading=\"lazy\" decoding=\"async\" width=\"150\" height=\"150\" src=\"https:\/\/ekoporty.szczecin.pl\/wp-content\/uploads\/2022\/02\/IMG_3208-150x150.jpg\" class=\"attachment-thumbnail size-thumbnail\" alt=\"\" srcset=\"https:\/\/ekoporty.szczecin.pl\/wp-content\/uploads\/2022\/02\/IMG_3208-150x150.jpg 150w, https:\/\/ekoporty.szczecin.pl\/wp-content\/uploads\/2022\/02\/IMG_3208-60x60.jpg 60w\" sizes=\"auto, (max-width: 150px) 100vw, 150px\" \/><\/a>\n\t\t\t<\/div><\/figure><figure class='gallery-item'>\n\t\t\t<div class='gallery-icon landscape'>\n\t\t\t\t<a href='https:\/\/ekoporty.szczecin.pl\/?attachment_id=46600'><img loading=\"lazy\" decoding=\"async\" width=\"150\" height=\"150\" src=\"https:\/\/ekoporty.szczecin.pl\/wp-content\/uploads\/2022\/02\/IMG_3209-150x150.jpg\" class=\"attachment-thumbnail size-thumbnail\" alt=\"\" srcset=\"https:\/\/ekoporty.szczecin.pl\/wp-content\/uploads\/2022\/02\/IMG_3209-150x150.jpg 150w, https:\/\/ekoporty.szczecin.pl\/wp-content\/uploads\/2022\/02\/IMG_3209-60x60.jpg 60w\" sizes=\"auto, (max-width: 150px) 100vw, 150px\" \/><\/a>\n\t\t\t<\/div><\/figure><figure class='gallery-item'>\n\t\t\t<div class='gallery-icon landscape'>\n\t\t\t\t<a href='https:\/\/ekoporty.szczecin.pl\/?attachment_id=46601'><img loading=\"lazy\" decoding=\"async\" width=\"150\" height=\"150\" src=\"https:\/\/ekoporty.szczecin.pl\/wp-content\/uploads\/2022\/02\/IMG_3210-150x150.jpg\" class=\"attachment-thumbnail size-thumbnail\" alt=\"\" srcset=\"https:\/\/ekoporty.szczecin.pl\/wp-content\/uploads\/2022\/02\/IMG_3210-150x150.jpg 150w, https:\/\/ekoporty.szczecin.pl\/wp-content\/uploads\/2022\/02\/IMG_3210-60x60.jpg 60w\" sizes=\"auto, (max-width: 150px) 100vw, 150px\" \/><\/a>\n\t\t\t<\/div><\/figure><figure class='gallery-item'>\n\t\t\t<div class='gallery-icon landscape'>\n\t\t\t\t<a href='https:\/\/ekoporty.szczecin.pl\/?attachment_id=46602'><img loading=\"lazy\" decoding=\"async\" width=\"150\" height=\"150\" src=\"https:\/\/ekoporty.szczecin.pl\/wp-content\/uploads\/2022\/02\/IMG_3211-150x150.jpg\" class=\"attachment-thumbnail size-thumbnail\" alt=\"\" srcset=\"https:\/\/ekoporty.szczecin.pl\/wp-content\/uploads\/2022\/02\/IMG_3211-150x150.jpg 150w, https:\/\/ekoporty.szczecin.pl\/wp-content\/uploads\/2022\/02\/IMG_3211-60x60.jpg 60w\" sizes=\"auto, (max-width: 150px) 100vw, 150px\" \/><\/a>\n\t\t\t<\/div><\/figure><figure class='gallery-item'>\n\t\t\t<div class='gallery-icon landscape'>\n\t\t\t\t<a href='https:\/\/ekoporty.szczecin.pl\/?attachment_id=46603'><img loading=\"lazy\" decoding=\"async\" width=\"150\" height=\"150\" src=\"https:\/\/ekoporty.szczecin.pl\/wp-content\/uploads\/2022\/02\/IMG_3212-150x150.jpg\" class=\"attachment-thumbnail size-thumbnail\" alt=\"\" srcset=\"https:\/\/ekoporty.szczecin.pl\/wp-content\/uploads\/2022\/02\/IMG_3212-150x150.jpg 150w, https:\/\/ekoporty.szczecin.pl\/wp-content\/uploads\/2022\/02\/IMG_3212-60x60.jpg 60w\" sizes=\"auto, (max-width: 150px) 100vw, 150px\" \/><\/a>\n\t\t\t<\/div><\/figure><figure class='gallery-item'>\n\t\t\t<div class='gallery-icon landscape'>\n\t\t\t\t<a href='https:\/\/ekoporty.szczecin.pl\/?attachment_id=46604'><img loading=\"lazy\" decoding=\"async\" width=\"150\" height=\"150\" src=\"https:\/\/ekoporty.szczecin.pl\/wp-content\/uploads\/2022\/02\/IMG_3213-150x150.jpg\" class=\"attachment-thumbnail size-thumbnail\" alt=\"\" srcset=\"https:\/\/ekoporty.szczecin.pl\/wp-content\/uploads\/2022\/02\/IMG_3213-150x150.jpg 150w, https:\/\/ekoporty.szczecin.pl\/wp-content\/uploads\/2022\/02\/IMG_3213-60x60.jpg 60w\" sizes=\"auto, (max-width: 150px) 100vw, 150px\" \/><\/a>\n\t\t\t<\/div><\/figure><figure class='gallery-item'>\n\t\t\t<div class='gallery-icon landscape'>\n\t\t\t\t<a href='https:\/\/ekoporty.szczecin.pl\/?attachment_id=46605'><img loading=\"lazy\" decoding=\"async\" width=\"150\" height=\"150\" src=\"https:\/\/ekoporty.szczecin.pl\/wp-content\/uploads\/2022\/02\/IMG_3214-150x150.jpg\" class=\"attachment-thumbnail size-thumbnail\" alt=\"\" srcset=\"https:\/\/ekoporty.szczecin.pl\/wp-content\/uploads\/2022\/02\/IMG_3214-150x150.jpg 150w, https:\/\/ekoporty.szczecin.pl\/wp-content\/uploads\/2022\/02\/IMG_3214-60x60.jpg 60w\" sizes=\"auto, (max-width: 150px) 100vw, 150px\" \/><\/a>\n\t\t\t<\/div><\/figure><figure class='gallery-item'>\n\t\t\t<div class='gallery-icon landscape'>\n\t\t\t\t<a href='https:\/\/ekoporty.szczecin.pl\/?attachment_id=46606'><img loading=\"lazy\" decoding=\"async\" width=\"150\" height=\"150\" src=\"https:\/\/ekoporty.szczecin.pl\/wp-content\/uploads\/2022\/02\/IMG_3215-150x150.jpg\" class=\"attachment-thumbnail size-thumbnail\" alt=\"\" srcset=\"https:\/\/ekoporty.szczecin.pl\/wp-content\/uploads\/2022\/02\/IMG_3215-150x150.jpg 150w, https:\/\/ekoporty.szczecin.pl\/wp-content\/uploads\/2022\/02\/IMG_3215-60x60.jpg 60w\" sizes=\"auto, (max-width: 150px) 100vw, 150px\" \/><\/a>\n\t\t\t<\/div><\/figure><figure class='gallery-item'>\n\t\t\t<div class='gallery-icon landscape'>\n\t\t\t\t<a href='https:\/\/ekoporty.szczecin.pl\/?attachment_id=46607'><img loading=\"lazy\" decoding=\"async\" width=\"150\" height=\"150\" src=\"https:\/\/ekoporty.szczecin.pl\/wp-content\/uploads\/2022\/02\/IMG_3216-150x150.jpg\" class=\"attachment-thumbnail size-thumbnail\" alt=\"\" srcset=\"https:\/\/ekoporty.szczecin.pl\/wp-content\/uploads\/2022\/02\/IMG_3216-150x150.jpg 150w, https:\/\/ekoporty.szczecin.pl\/wp-content\/uploads\/2022\/02\/IMG_3216-60x60.jpg 60w\" sizes=\"auto, (max-width: 150px) 100vw, 150px\" \/><\/a>\n\t\t\t<\/div><\/figure><figure class='gallery-item'>\n\t\t\t<div class='gallery-icon landscape'>\n\t\t\t\t<a href='https:\/\/ekoporty.szczecin.pl\/?attachment_id=46608'><img loading=\"lazy\" decoding=\"async\" width=\"150\" height=\"150\" src=\"https:\/\/ekoporty.szczecin.pl\/wp-content\/uploads\/2022\/02\/IMG_3217-150x150.jpg\" class=\"attachment-thumbnail size-thumbnail\" alt=\"\" srcset=\"https:\/\/ekoporty.szczecin.pl\/wp-content\/uploads\/2022\/02\/IMG_3217-150x150.jpg 150w, https:\/\/ekoporty.szczecin.pl\/wp-content\/uploads\/2022\/02\/IMG_3217-60x60.jpg 60w\" sizes=\"auto, (max-width: 150px) 100vw, 150px\" \/><\/a>\n\t\t\t<\/div><\/figure><figure class='gallery-item'>\n\t\t\t<div class='gallery-icon landscape'>\n\t\t\t\t<a href='https:\/\/ekoporty.szczecin.pl\/?attachment_id=46609'><img loading=\"lazy\" decoding=\"async\" width=\"150\" height=\"150\" src=\"https:\/\/ekoporty.szczecin.pl\/wp-content\/uploads\/2022\/02\/IMG_3218-150x150.jpg\" class=\"attachment-thumbnail size-thumbnail\" alt=\"\" srcset=\"https:\/\/ekoporty.szczecin.pl\/wp-content\/uploads\/2022\/02\/IMG_3218-150x150.jpg 150w, https:\/\/ekoporty.szczecin.pl\/wp-content\/uploads\/2022\/02\/IMG_3218-60x60.jpg 60w\" sizes=\"auto, (max-width: 150px) 100vw, 150px\" \/><\/a>\n\t\t\t<\/div><\/figure><figure class='gallery-item'>\n\t\t\t<div class='gallery-icon landscape'>\n\t\t\t\t<a href='https:\/\/ekoporty.szczecin.pl\/?attachment_id=46610'><img loading=\"lazy\" decoding=\"async\" width=\"150\" height=\"150\" src=\"https:\/\/ekoporty.szczecin.pl\/wp-content\/uploads\/2022\/02\/IMG_3219-150x150.jpg\" class=\"attachment-thumbnail size-thumbnail\" alt=\"\" srcset=\"https:\/\/ekoporty.szczecin.pl\/wp-content\/uploads\/2022\/02\/IMG_3219-150x150.jpg 150w, https:\/\/ekoporty.szczecin.pl\/wp-content\/uploads\/2022\/02\/IMG_3219-60x60.jpg 60w\" sizes=\"auto, (max-width: 150px) 100vw, 150px\" \/><\/a>\n\t\t\t<\/div><\/figure><figure class='gallery-item'>\n\t\t\t<div class='gallery-icon landscape'>\n\t\t\t\t<a href='https:\/\/ekoporty.szczecin.pl\/?attachment_id=46611'><img loading=\"lazy\" decoding=\"async\" width=\"150\" height=\"150\" src=\"https:\/\/ekoporty.szczecin.pl\/wp-content\/uploads\/2022\/02\/IMG_3220-150x150.jpg\" class=\"attachment-thumbnail size-thumbnail\" alt=\"\" srcset=\"https:\/\/ekoporty.szczecin.pl\/wp-content\/uploads\/2022\/02\/IMG_3220-150x150.jpg 150w, https:\/\/ekoporty.szczecin.pl\/wp-content\/uploads\/2022\/02\/IMG_3220-60x60.jpg 60w\" sizes=\"auto, (max-width: 150px) 100vw, 150px\" \/><\/a>\n\t\t\t<\/div><\/figure><figure class='gallery-item'>\n\t\t\t<div class='gallery-icon landscape'>\n\t\t\t\t<a href='https:\/\/ekoporty.szczecin.pl\/?attachment_id=46612'><img loading=\"lazy\" decoding=\"async\" width=\"150\" height=\"150\" src=\"https:\/\/ekoporty.szczecin.pl\/wp-content\/uploads\/2022\/02\/IMG_3221-150x150.jpg\" class=\"attachment-thumbnail size-thumbnail\" alt=\"\" srcset=\"https:\/\/ekoporty.szczecin.pl\/wp-content\/uploads\/2022\/02\/IMG_3221-150x150.jpg 150w, https:\/\/ekoporty.szczecin.pl\/wp-content\/uploads\/2022\/02\/IMG_3221-60x60.jpg 60w\" sizes=\"auto, (max-width: 150px) 100vw, 150px\" \/><\/a>\n\t\t\t<\/div><\/figure><figure class='gallery-item'>\n\t\t\t<div class='gallery-icon landscape'>\n\t\t\t\t<a href='https:\/\/ekoporty.szczecin.pl\/?attachment_id=46613'><img loading=\"lazy\" decoding=\"async\" width=\"150\" height=\"150\" src=\"https:\/\/ekoporty.szczecin.pl\/wp-content\/uploads\/2022\/02\/IMG_3222-150x150.jpg\" class=\"attachment-thumbnail size-thumbnail\" alt=\"\" srcset=\"https:\/\/ekoporty.szczecin.pl\/wp-content\/uploads\/2022\/02\/IMG_3222-150x150.jpg 150w, https:\/\/ekoporty.szczecin.pl\/wp-content\/uploads\/2022\/02\/IMG_3222-60x60.jpg 60w\" sizes=\"auto, (max-width: 150px) 100vw, 150px\" \/><\/a>\n\t\t\t<\/div><\/figure><figure class='gallery-item'>\n\t\t\t<div class='gallery-icon landscape'>\n\t\t\t\t<a href='https:\/\/ekoporty.szczecin.pl\/?attachment_id=46614'><img loading=\"lazy\" decoding=\"async\" width=\"150\" height=\"150\" src=\"https:\/\/ekoporty.szczecin.pl\/wp-content\/uploads\/2022\/02\/IMG_3223-150x150.jpg\" class=\"attachment-thumbnail size-thumbnail\" alt=\"\" srcset=\"https:\/\/ekoporty.szczecin.pl\/wp-content\/uploads\/2022\/02\/IMG_3223-150x150.jpg 150w, https:\/\/ekoporty.szczecin.pl\/wp-content\/uploads\/2022\/02\/IMG_3223-60x60.jpg 60w\" sizes=\"auto, (max-width: 150px) 100vw, 150px\" \/><\/a>\n\t\t\t<\/div><\/figure><figure class='gallery-item'>\n\t\t\t<div class='gallery-icon landscape'>\n\t\t\t\t<a href='https:\/\/ekoporty.szczecin.pl\/?attachment_id=46615'><img loading=\"lazy\" decoding=\"async\" width=\"150\" height=\"150\" src=\"https:\/\/ekoporty.szczecin.pl\/wp-content\/uploads\/2022\/02\/IMG_3224-150x150.jpg\" class=\"attachment-thumbnail size-thumbnail\" alt=\"\" srcset=\"https:\/\/ekoporty.szczecin.pl\/wp-content\/uploads\/2022\/02\/IMG_3224-150x150.jpg 150w, https:\/\/ekoporty.szczecin.pl\/wp-content\/uploads\/2022\/02\/IMG_3224-60x60.jpg 60w\" sizes=\"auto, (max-width: 150px) 100vw, 150px\" \/><\/a>\n\t\t\t<\/div><\/figure><figure class='gallery-item'>\n\t\t\t<div class='gallery-icon landscape'>\n\t\t\t\t<a href='https:\/\/ekoporty.szczecin.pl\/?attachment_id=46616'><img loading=\"lazy\" decoding=\"async\" width=\"150\" height=\"150\" src=\"https:\/\/ekoporty.szczecin.pl\/wp-content\/uploads\/2022\/02\/IMG_3225-150x150.jpg\" class=\"attachment-thumbnail size-thumbnail\" alt=\"\" srcset=\"https:\/\/ekoporty.szczecin.pl\/wp-content\/uploads\/2022\/02\/IMG_3225-150x150.jpg 150w, https:\/\/ekoporty.szczecin.pl\/wp-content\/uploads\/2022\/02\/IMG_3225-60x60.jpg 60w\" sizes=\"auto, (max-width: 150px) 100vw, 150px\" \/><\/a>\n\t\t\t<\/div><\/figure><figure class='gallery-item'>\n\t\t\t<div class='gallery-icon landscape'>\n\t\t\t\t<a href='https:\/\/ekoporty.szczecin.pl\/?attachment_id=46617'><img loading=\"lazy\" decoding=\"async\" width=\"150\" height=\"150\" src=\"https:\/\/ekoporty.szczecin.pl\/wp-content\/uploads\/2022\/02\/IMG_3226-150x150.jpg\" class=\"attachment-thumbnail size-thumbnail\" alt=\"\" srcset=\"https:\/\/ekoporty.szczecin.pl\/wp-content\/uploads\/2022\/02\/IMG_3226-150x150.jpg 150w, https:\/\/ekoporty.szczecin.pl\/wp-content\/uploads\/2022\/02\/IMG_3226-60x60.jpg 60w\" sizes=\"auto, (max-width: 150px) 100vw, 150px\" \/><\/a>\n\t\t\t<\/div><\/figure><figure class='gallery-item'>\n\t\t\t<div class='gallery-icon landscape'>\n\t\t\t\t<a href='https:\/\/ekoporty.szczecin.pl\/?attachment_id=46618'><img loading=\"lazy\" decoding=\"async\" width=\"150\" height=\"150\" src=\"https:\/\/ekoporty.szczecin.pl\/wp-content\/uploads\/2022\/02\/IMG_3227-150x150.jpg\" class=\"attachment-thumbnail size-thumbnail\" alt=\"\" srcset=\"https:\/\/ekoporty.szczecin.pl\/wp-content\/uploads\/2022\/02\/IMG_3227-150x150.jpg 150w, https:\/\/ekoporty.szczecin.pl\/wp-content\/uploads\/2022\/02\/IMG_3227-60x60.jpg 60w\" sizes=\"auto, (max-width: 150px) 100vw, 150px\" \/><\/a>\n\t\t\t<\/div><\/figure><figure class='gallery-item'>\n\t\t\t<div class='gallery-icon landscape'>\n\t\t\t\t<a href='https:\/\/ekoporty.szczecin.pl\/?attachment_id=46619'><img loading=\"lazy\" decoding=\"async\" width=\"150\" height=\"150\" src=\"https:\/\/ekoporty.szczecin.pl\/wp-content\/uploads\/2022\/02\/IMG_3228-150x150.jpg\" class=\"attachment-thumbnail size-thumbnail\" alt=\"\" srcset=\"https:\/\/ekoporty.szczecin.pl\/wp-content\/uploads\/2022\/02\/IMG_3228-150x150.jpg 150w, https:\/\/ekoporty.szczecin.pl\/wp-content\/uploads\/2022\/02\/IMG_3228-60x60.jpg 60w\" sizes=\"auto, (max-width: 150px) 100vw, 150px\" \/><\/a>\n\t\t\t<\/div><\/figure><figure class='gallery-item'>\n\t\t\t<div class='gallery-icon landscape'>\n\t\t\t\t<a href='https:\/\/ekoporty.szczecin.pl\/?attachment_id=46620'><img loading=\"lazy\" decoding=\"async\" width=\"150\" height=\"150\" src=\"https:\/\/ekoporty.szczecin.pl\/wp-content\/uploads\/2022\/02\/IMG_3229-150x150.jpg\" class=\"attachment-thumbnail size-thumbnail\" alt=\"\" srcset=\"https:\/\/ekoporty.szczecin.pl\/wp-content\/uploads\/2022\/02\/IMG_3229-150x150.jpg 150w, https:\/\/ekoporty.szczecin.pl\/wp-content\/uploads\/2022\/02\/IMG_3229-60x60.jpg 60w\" sizes=\"auto, (max-width: 150px) 100vw, 150px\" \/><\/a>\n\t\t\t<\/div><\/figure><figure class='gallery-item'>\n\t\t\t<div class='gallery-icon landscape'>\n\t\t\t\t<a href='https:\/\/ekoporty.szczecin.pl\/?attachment_id=46621'><img loading=\"lazy\" decoding=\"async\" width=\"150\" height=\"150\" src=\"https:\/\/ekoporty.szczecin.pl\/wp-content\/uploads\/2022\/02\/IMG_3230-150x150.jpg\" class=\"attachment-thumbnail size-thumbnail\" alt=\"\" srcset=\"https:\/\/ekoporty.szczecin.pl\/wp-content\/uploads\/2022\/02\/IMG_3230-150x150.jpg 150w, https:\/\/ekoporty.szczecin.pl\/wp-content\/uploads\/2022\/02\/IMG_3230-60x60.jpg 60w\" sizes=\"auto, (max-width: 150px) 100vw, 150px\" \/><\/a>\n\t\t\t<\/div><\/figure><figure class='gallery-item'>\n\t\t\t<div class='gallery-icon landscape'>\n\t\t\t\t<a href='https:\/\/ekoporty.szczecin.pl\/?attachment_id=46622'><img loading=\"lazy\" decoding=\"async\" width=\"150\" height=\"150\" src=\"https:\/\/ekoporty.szczecin.pl\/wp-content\/uploads\/2022\/02\/IMG_3231-150x150.jpg\" class=\"attachment-thumbnail size-thumbnail\" alt=\"\" srcset=\"https:\/\/ekoporty.szczecin.pl\/wp-content\/uploads\/2022\/02\/IMG_3231-150x150.jpg 150w, https:\/\/ekoporty.szczecin.pl\/wp-content\/uploads\/2022\/02\/IMG_3231-60x60.jpg 60w\" sizes=\"auto, (max-width: 150px) 100vw, 150px\" \/><\/a>\n\t\t\t<\/div><\/figure><figure class='gallery-item'>\n\t\t\t<div class='gallery-icon landscape'>\n\t\t\t\t<a href='https:\/\/ekoporty.szczecin.pl\/?attachment_id=46623'><img loading=\"lazy\" decoding=\"async\" width=\"150\" height=\"150\" src=\"https:\/\/ekoporty.szczecin.pl\/wp-content\/uploads\/2022\/02\/IMG_3232-150x150.jpg\" class=\"attachment-thumbnail size-thumbnail\" alt=\"\" srcset=\"https:\/\/ekoporty.szczecin.pl\/wp-content\/uploads\/2022\/02\/IMG_3232-150x150.jpg 150w, https:\/\/ekoporty.szczecin.pl\/wp-content\/uploads\/2022\/02\/IMG_3232-60x60.jpg 60w\" sizes=\"auto, (max-width: 150px) 100vw, 150px\" \/><\/a>\n\t\t\t<\/div><\/figure><figure class='gallery-item'>\n\t\t\t<div class='gallery-icon landscape'>\n\t\t\t\t<a href='https:\/\/ekoporty.szczecin.pl\/?attachment_id=46624'><img loading=\"lazy\" decoding=\"async\" width=\"150\" height=\"150\" src=\"https:\/\/ekoporty.szczecin.pl\/wp-content\/uploads\/2022\/02\/IMG_3233-150x150.jpg\" class=\"attachment-thumbnail size-thumbnail\" alt=\"\" srcset=\"https:\/\/ekoporty.szczecin.pl\/wp-content\/uploads\/2022\/02\/IMG_3233-150x150.jpg 150w, https:\/\/ekoporty.szczecin.pl\/wp-content\/uploads\/2022\/02\/IMG_3233-60x60.jpg 60w\" sizes=\"auto, (max-width: 150px) 100vw, 150px\" \/><\/a>\n\t\t\t<\/div><\/figure><figure class='gallery-item'>\n\t\t\t<div class='gallery-icon landscape'>\n\t\t\t\t<a href='https:\/\/ekoporty.szczecin.pl\/?attachment_id=46625'><img loading=\"lazy\" decoding=\"async\" width=\"150\" height=\"150\" src=\"https:\/\/ekoporty.szczecin.pl\/wp-content\/uploads\/2022\/02\/IMG_3234-150x150.jpg\" class=\"attachment-thumbnail size-thumbnail\" alt=\"\" srcset=\"https:\/\/ekoporty.szczecin.pl\/wp-content\/uploads\/2022\/02\/IMG_3234-150x150.jpg 150w, https:\/\/ekoporty.szczecin.pl\/wp-content\/uploads\/2022\/02\/IMG_3234-60x60.jpg 60w\" sizes=\"auto, (max-width: 150px) 100vw, 150px\" \/><\/a>\n\t\t\t<\/div><\/figure><figure class='gallery-item'>\n\t\t\t<div class='gallery-icon landscape'>\n\t\t\t\t<a href='https:\/\/ekoporty.szczecin.pl\/?attachment_id=46626'><img loading=\"lazy\" decoding=\"async\" width=\"150\" height=\"150\" src=\"https:\/\/ekoporty.szczecin.pl\/wp-content\/uploads\/2022\/02\/IMG_3235-150x150.jpg\" class=\"attachment-thumbnail size-thumbnail\" alt=\"\" srcset=\"https:\/\/ekoporty.szczecin.pl\/wp-content\/uploads\/2022\/02\/IMG_3235-150x150.jpg 150w, https:\/\/ekoporty.szczecin.pl\/wp-content\/uploads\/2022\/02\/IMG_3235-60x60.jpg 60w\" sizes=\"auto, (max-width: 150px) 100vw, 150px\" \/><\/a>\n\t\t\t<\/div><\/figure><figure class='gallery-item'>\n\t\t\t<div class='gallery-icon landscape'>\n\t\t\t\t<a href='https:\/\/ekoporty.szczecin.pl\/?attachment_id=46627'><img loading=\"lazy\" decoding=\"async\" width=\"150\" height=\"150\" src=\"https:\/\/ekoporty.szczecin.pl\/wp-content\/uploads\/2022\/02\/IMG_3236-150x150.jpg\" class=\"attachment-thumbnail size-thumbnail\" alt=\"\" srcset=\"https:\/\/ekoporty.szczecin.pl\/wp-content\/uploads\/2022\/02\/IMG_3236-150x150.jpg 150w, https:\/\/ekoporty.szczecin.pl\/wp-content\/uploads\/2022\/02\/IMG_3236-60x60.jpg 60w\" sizes=\"auto, (max-width: 150px) 100vw, 150px\" \/><\/a>\n\t\t\t<\/div><\/figure><figure class='gallery-item'>\n\t\t\t<div class='gallery-icon landscape'>\n\t\t\t\t<a href='https:\/\/ekoporty.szczecin.pl\/?attachment_id=46628'><img loading=\"lazy\" decoding=\"async\" width=\"150\" height=\"150\" src=\"https:\/\/ekoporty.szczecin.pl\/wp-content\/uploads\/2022\/02\/IMG_3237-150x150.jpg\" class=\"attachment-thumbnail size-thumbnail\" alt=\"\" srcset=\"https:\/\/ekoporty.szczecin.pl\/wp-content\/uploads\/2022\/02\/IMG_3237-150x150.jpg 150w, https:\/\/ekoporty.szczecin.pl\/wp-content\/uploads\/2022\/02\/IMG_3237-60x60.jpg 60w\" sizes=\"auto, (max-width: 150px) 100vw, 150px\" \/><\/a>\n\t\t\t<\/div><\/figure><figure class='gallery-item'>\n\t\t\t<div class='gallery-icon landscape'>\n\t\t\t\t<a href='https:\/\/ekoporty.szczecin.pl\/?attachment_id=46629'><img loading=\"lazy\" decoding=\"async\" width=\"150\" height=\"150\" src=\"https:\/\/ekoporty.szczecin.pl\/wp-content\/uploads\/2022\/02\/IMG_3238-150x150.jpg\" class=\"attachment-thumbnail size-thumbnail\" alt=\"\" srcset=\"https:\/\/ekoporty.szczecin.pl\/wp-content\/uploads\/2022\/02\/IMG_3238-150x150.jpg 150w, https:\/\/ekoporty.szczecin.pl\/wp-content\/uploads\/2022\/02\/IMG_3238-60x60.jpg 60w\" sizes=\"auto, (max-width: 150px) 100vw, 150px\" \/><\/a>\n\t\t\t<\/div><\/figure><figure class='gallery-item'>\n\t\t\t<div class='gallery-icon landscape'>\n\t\t\t\t<a href='https:\/\/ekoporty.szczecin.pl\/?attachment_id=46630'><img loading=\"lazy\" decoding=\"async\" width=\"150\" height=\"150\" src=\"https:\/\/ekoporty.szczecin.pl\/wp-content\/uploads\/2022\/02\/IMG_3239-150x150.jpg\" class=\"attachment-thumbnail size-thumbnail\" alt=\"\" srcset=\"https:\/\/ekoporty.szczecin.pl\/wp-content\/uploads\/2022\/02\/IMG_3239-150x150.jpg 150w, https:\/\/ekoporty.szczecin.pl\/wp-content\/uploads\/2022\/02\/IMG_3239-60x60.jpg 60w\" sizes=\"auto, (max-width: 150px) 100vw, 150px\" \/><\/a>\n\t\t\t<\/div><\/figure><figure class='gallery-item'>\n\t\t\t<div class='gallery-icon landscape'>\n\t\t\t\t<a href='https:\/\/ekoporty.szczecin.pl\/?attachment_id=46631'><img loading=\"lazy\" decoding=\"async\" width=\"150\" height=\"150\" src=\"https:\/\/ekoporty.szczecin.pl\/wp-content\/uploads\/2022\/02\/IMG_3240-150x150.jpg\" class=\"attachment-thumbnail size-thumbnail\" alt=\"\" srcset=\"https:\/\/ekoporty.szczecin.pl\/wp-content\/uploads\/2022\/02\/IMG_3240-150x150.jpg 150w, https:\/\/ekoporty.szczecin.pl\/wp-content\/uploads\/2022\/02\/IMG_3240-60x60.jpg 60w\" sizes=\"auto, (max-width: 150px) 100vw, 150px\" \/><\/a>\n\t\t\t<\/div><\/figure><figure class='gallery-item'>\n\t\t\t<div class='gallery-icon landscape'>\n\t\t\t\t<a href='https:\/\/ekoporty.szczecin.pl\/?attachment_id=46632'><img loading=\"lazy\" decoding=\"async\" width=\"150\" height=\"150\" src=\"https:\/\/ekoporty.szczecin.pl\/wp-content\/uploads\/2022\/02\/IMG_3241-150x150.jpg\" class=\"attachment-thumbnail size-thumbnail\" alt=\"\" srcset=\"https:\/\/ekoporty.szczecin.pl\/wp-content\/uploads\/2022\/02\/IMG_3241-150x150.jpg 150w, https:\/\/ekoporty.szczecin.pl\/wp-content\/uploads\/2022\/02\/IMG_3241-60x60.jpg 60w\" sizes=\"auto, (max-width: 150px) 100vw, 150px\" \/><\/a>\n\t\t\t<\/div><\/figure><figure class='gallery-item'>\n\t\t\t<div class='gallery-icon landscape'>\n\t\t\t\t<a href='https:\/\/ekoporty.szczecin.pl\/?attachment_id=46633'><img loading=\"lazy\" decoding=\"async\" width=\"150\" height=\"150\" src=\"https:\/\/ekoporty.szczecin.pl\/wp-content\/uploads\/2022\/02\/IMG_3242-150x150.jpg\" class=\"attachment-thumbnail size-thumbnail\" alt=\"\" srcset=\"https:\/\/ekoporty.szczecin.pl\/wp-content\/uploads\/2022\/02\/IMG_3242-150x150.jpg 150w, https:\/\/ekoporty.szczecin.pl\/wp-content\/uploads\/2022\/02\/IMG_3242-60x60.jpg 60w\" sizes=\"auto, (max-width: 150px) 100vw, 150px\" \/><\/a>\n\t\t\t<\/div><\/figure>\n\t\t<\/div>\n\n<p>Gara\u017c numer 2:<\/p>\n<div id='gallery-2' class='gallery galleryid-46647 gallery-columns-3 gallery-size-thumbnail'><figure class='gallery-item'>\n\t\t\t<div class='gallery-icon landscape'>\n\t\t\t\t<a href='https:\/\/ekoporty.szczecin.pl\/?attachment_id=46634'><img loading=\"lazy\" decoding=\"async\" width=\"150\" height=\"150\" src=\"https:\/\/ekoporty.szczecin.pl\/wp-content\/uploads\/2022\/02\/IMG_3243-150x150.jpg\" class=\"attachment-thumbnail size-thumbnail\" alt=\"\" srcset=\"https:\/\/ekoporty.szczecin.pl\/wp-content\/uploads\/2022\/02\/IMG_3243-150x150.jpg 150w, https:\/\/ekoporty.szczecin.pl\/wp-content\/uploads\/2022\/02\/IMG_3243-60x60.jpg 60w\" sizes=\"auto, (max-width: 150px) 100vw, 150px\" \/><\/a>\n\t\t\t<\/div><\/figure><figure class='gallery-item'>\n\t\t\t<div class='gallery-icon landscape'>\n\t\t\t\t<a href='https:\/\/ekoporty.szczecin.pl\/?attachment_id=46635'><img loading=\"lazy\" decoding=\"async\" width=\"150\" height=\"150\" src=\"https:\/\/ekoporty.szczecin.pl\/wp-content\/uploads\/2022\/02\/IMG_3244-150x150.jpg\" class=\"attachment-thumbnail size-thumbnail\" alt=\"\" srcset=\"https:\/\/ekoporty.szczecin.pl\/wp-content\/uploads\/2022\/02\/IMG_3244-150x150.jpg 150w, https:\/\/ekoporty.szczecin.pl\/wp-content\/uploads\/2022\/02\/IMG_3244-60x60.jpg 60w\" sizes=\"auto, (max-width: 150px) 100vw, 150px\" \/><\/a>\n\t\t\t<\/div><\/figure><figure class='gallery-item'>\n\t\t\t<div class='gallery-icon landscape'>\n\t\t\t\t<a href='https:\/\/ekoporty.szczecin.pl\/?attachment_id=46636'><img loading=\"lazy\" decoding=\"async\" width=\"150\" height=\"150\" src=\"https:\/\/ekoporty.szczecin.pl\/wp-content\/uploads\/2022\/02\/IMG_3245-150x150.jpg\" class=\"attachment-thumbnail size-thumbnail\" alt=\"\" srcset=\"https:\/\/ekoporty.szczecin.pl\/wp-content\/uploads\/2022\/02\/IMG_3245-150x150.jpg 150w, https:\/\/ekoporty.szczecin.pl\/wp-content\/uploads\/2022\/02\/IMG_3245-60x60.jpg 60w\" sizes=\"auto, (max-width: 150px) 100vw, 150px\" \/><\/a>\n\t\t\t<\/div><\/figure><figure class='gallery-item'>\n\t\t\t<div class='gallery-icon landscape'>\n\t\t\t\t<a href='https:\/\/ekoporty.szczecin.pl\/?attachment_id=46637'><img loading=\"lazy\" decoding=\"async\" width=\"150\" height=\"150\" src=\"https:\/\/ekoporty.szczecin.pl\/wp-content\/uploads\/2022\/02\/IMG_3246-150x150.jpg\" class=\"attachment-thumbnail size-thumbnail\" alt=\"\" srcset=\"https:\/\/ekoporty.szczecin.pl\/wp-content\/uploads\/2022\/02\/IMG_3246-150x150.jpg 150w, https:\/\/ekoporty.szczecin.pl\/wp-content\/uploads\/2022\/02\/IMG_3246-60x60.jpg 60w\" sizes=\"auto, (max-width: 150px) 100vw, 150px\" \/><\/a>\n\t\t\t<\/div><\/figure><figure class='gallery-item'>\n\t\t\t<div class='gallery-icon landscape'>\n\t\t\t\t<a href='https:\/\/ekoporty.szczecin.pl\/?attachment_id=46638'><img loading=\"lazy\" decoding=\"async\" width=\"150\" height=\"150\" src=\"https:\/\/ekoporty.szczecin.pl\/wp-content\/uploads\/2022\/02\/IMG_3247-150x150.jpg\" class=\"attachment-thumbnail size-thumbnail\" alt=\"\" srcset=\"https:\/\/ekoporty.szczecin.pl\/wp-content\/uploads\/2022\/02\/IMG_3247-150x150.jpg 150w, https:\/\/ekoporty.szczecin.pl\/wp-content\/uploads\/2022\/02\/IMG_3247-60x60.jpg 60w\" sizes=\"auto, (max-width: 150px) 100vw, 150px\" \/><\/a>\n\t\t\t<\/div><\/figure><figure class='gallery-item'>\n\t\t\t<div class='gallery-icon landscape'>\n\t\t\t\t<a href='https:\/\/ekoporty.szczecin.pl\/?attachment_id=46639'><img loading=\"lazy\" decoding=\"async\" width=\"150\" height=\"150\" src=\"https:\/\/ekoporty.szczecin.pl\/wp-content\/uploads\/2022\/02\/IMG_3248-150x150.jpg\" class=\"attachment-thumbnail size-thumbnail\" alt=\"\" srcset=\"https:\/\/ekoporty.szczecin.pl\/wp-content\/uploads\/2022\/02\/IMG_3248-150x150.jpg 150w, https:\/\/ekoporty.szczecin.pl\/wp-content\/uploads\/2022\/02\/IMG_3248-60x60.jpg 60w\" sizes=\"auto, (max-width: 150px) 100vw, 150px\" \/><\/a>\n\t\t\t<\/div><\/figure><figure class='gallery-item'>\n\t\t\t<div class='gallery-icon landscape'>\n\t\t\t\t<a href='https:\/\/ekoporty.szczecin.pl\/?attachment_id=46640'><img loading=\"lazy\" decoding=\"async\" width=\"150\" height=\"150\" src=\"https:\/\/ekoporty.szczecin.pl\/wp-content\/uploads\/2022\/02\/IMG_3249-150x150.jpg\" class=\"attachment-thumbnail size-thumbnail\" alt=\"\" srcset=\"https:\/\/ekoporty.szczecin.pl\/wp-content\/uploads\/2022\/02\/IMG_3249-150x150.jpg 150w, https:\/\/ekoporty.szczecin.pl\/wp-content\/uploads\/2022\/02\/IMG_3249-60x60.jpg 60w\" sizes=\"auto, (max-width: 150px) 100vw, 150px\" \/><\/a>\n\t\t\t<\/div><\/figure><figure class='gallery-item'>\n\t\t\t<div class='gallery-icon landscape'>\n\t\t\t\t<a href='https:\/\/ekoporty.szczecin.pl\/?attachment_id=46641'><img loading=\"lazy\" decoding=\"async\" width=\"150\" height=\"150\" src=\"https:\/\/ekoporty.szczecin.pl\/wp-content\/uploads\/2022\/02\/IMG_3250-150x150.jpg\" class=\"attachment-thumbnail size-thumbnail\" alt=\"\" srcset=\"https:\/\/ekoporty.szczecin.pl\/wp-content\/uploads\/2022\/02\/IMG_3250-150x150.jpg 150w, https:\/\/ekoporty.szczecin.pl\/wp-content\/uploads\/2022\/02\/IMG_3250-60x60.jpg 60w\" sizes=\"auto, (max-width: 150px) 100vw, 150px\" \/><\/a>\n\t\t\t<\/div><\/figure><figure class='gallery-item'>\n\t\t\t<div class='gallery-icon landscape'>\n\t\t\t\t<a href='https:\/\/ekoporty.szczecin.pl\/?attachment_id=46642'><img loading=\"lazy\" decoding=\"async\" width=\"150\" height=\"150\" src=\"https:\/\/ekoporty.szczecin.pl\/wp-content\/uploads\/2022\/02\/IMG_3251-150x150.jpg\" class=\"attachment-thumbnail size-thumbnail\" alt=\"\" srcset=\"https:\/\/ekoporty.szczecin.pl\/wp-content\/uploads\/2022\/02\/IMG_3251-150x150.jpg 150w, https:\/\/ekoporty.szczecin.pl\/wp-content\/uploads\/2022\/02\/IMG_3251-60x60.jpg 60w\" sizes=\"auto, (max-width: 150px) 100vw, 150px\" \/><\/a>\n\t\t\t<\/div><\/figure><figure class='gallery-item'>\n\t\t\t<div class='gallery-icon landscape'>\n\t\t\t\t<a href='https:\/\/ekoporty.szczecin.pl\/?attachment_id=46643'><img loading=\"lazy\" decoding=\"async\" width=\"150\" height=\"150\" src=\"https:\/\/ekoporty.szczecin.pl\/wp-content\/uploads\/2022\/02\/IMG_3252-150x150.jpg\" class=\"attachment-thumbnail size-thumbnail\" alt=\"\" srcset=\"https:\/\/ekoporty.szczecin.pl\/wp-content\/uploads\/2022\/02\/IMG_3252-150x150.jpg 150w, https:\/\/ekoporty.szczecin.pl\/wp-content\/uploads\/2022\/02\/IMG_3252-60x60.jpg 60w\" sizes=\"auto, (max-width: 150px) 100vw, 150px\" \/><\/a>\n\t\t\t<\/div><\/figure><figure class='gallery-item'>\n\t\t\t<div class='gallery-icon landscape'>\n\t\t\t\t<a href='https:\/\/ekoporty.szczecin.pl\/?attachment_id=46644'><img loading=\"lazy\" decoding=\"async\" width=\"150\" height=\"150\" src=\"https:\/\/ekoporty.szczecin.pl\/wp-content\/uploads\/2022\/02\/IMG_3253-150x150.jpg\" class=\"attachment-thumbnail size-thumbnail\" alt=\"\" srcset=\"https:\/\/ekoporty.szczecin.pl\/wp-content\/uploads\/2022\/02\/IMG_3253-150x150.jpg 150w, https:\/\/ekoporty.szczecin.pl\/wp-content\/uploads\/2022\/02\/IMG_3253-60x60.jpg 60w\" sizes=\"auto, (max-width: 150px) 100vw, 150px\" \/><\/a>\n\t\t\t<\/div><\/figure><figure class='gallery-item'>\n\t\t\t<div class='gallery-icon landscape'>\n\t\t\t\t<a href='https:\/\/ekoporty.szczecin.pl\/?attachment_id=46645'><img loading=\"lazy\" decoding=\"async\" width=\"150\" height=\"150\" src=\"https:\/\/ekoporty.szczecin.pl\/wp-content\/uploads\/2022\/02\/IMG_3254-150x150.jpg\" class=\"attachment-thumbnail size-thumbnail\" alt=\"\" srcset=\"https:\/\/ekoporty.szczecin.pl\/wp-content\/uploads\/2022\/02\/IMG_3254-150x150.jpg 150w, https:\/\/ekoporty.szczecin.pl\/wp-content\/uploads\/2022\/02\/IMG_3254-60x60.jpg 60w\" sizes=\"auto, (max-width: 150px) 100vw, 150px\" \/><\/a>\n\t\t\t<\/div><\/figure><figure class='gallery-item'>\n\t\t\t<div class='gallery-icon landscape'>\n\t\t\t\t<a href='https:\/\/ekoporty.szczecin.pl\/?attachment_id=46646'><img loading=\"lazy\" decoding=\"async\" width=\"150\" height=\"150\" src=\"https:\/\/ekoporty.szczecin.pl\/wp-content\/uploads\/2022\/02\/IMG_3255-150x150.jpg\" class=\"attachment-thumbnail size-thumbnail\" alt=\"\" srcset=\"https:\/\/ekoporty.szczecin.pl\/wp-content\/uploads\/2022\/02\/IMG_3255-150x150.jpg 150w, https:\/\/ekoporty.szczecin.pl\/wp-content\/uploads\/2022\/02\/IMG_3255-60x60.jpg 60w\" sizes=\"auto, (max-width: 150px) 100vw, 150px\" \/><\/a>\n\t\t\t<\/div><\/figure>\n\t\t<\/div>\n\n","protected":false},"excerpt":{"rendered":"<p>Mamy przyjemno\u015b\u0107 zaprosi\u0107 Pa\u0144stwa na czerwcow\u0105 edycj\u0119 Galerii Szparga\u0142ek. Wydarzenie odb\u0119dzie si\u0119 28.06.2023 od godziny 10:00 do 17:00. B\u0119dzie to Galeria w nowym wydaniu, w kt\u00f3rym wi\u0119kszo\u015b\u0107 przedmiot\u00f3w zosta\u0142a przeniesiona do du\u017cego gara\u017cu. Od teraz ksi\u0105\u017cki, p\u0142yty CD\/DVD, szk\u0142o, porcelana, akcesoria, zabawki, gry i puzzle znajduj\u0105 si\u0119 w jednym miejscu. Dzi\u0119ki temu mamy i wi\u0119cej &hellip; <a href=\"https:\/\/ekoporty.szczecin.pl\/?p=46647\" class=\"more-link\">Czytaj dalej <span class=\"screen-reader-text\">Galeria Szparga\u0142ek w nowym wydaniu.<\/span><\/a><\/p>\n","protected":false},"author":7,"featured_media":46590,"comment_status":"closed","ping_status":"closed","sticky":false,"template":"","format":"standard","meta":{"_jetpack_memberships_contains_paid_content":false,"footnotes":"","jetpack_publicize_message":"","jetpack_publicize_feature_enabled":true,"jetpack_social_post_already_shared":true,"jetpack_social_options":{"image_generator_settings":{"template":"highway","default_image_id":0,"font":"","enabled":false},"version":2}},"categories":[1],"tags":[],"class_list":["post-46647","post","type-post","status-publish","format-standard","has-post-thumbnail","hentry","category-bez-kategorii"],"yoast_head":"<!-- This site is optimized with the Yoast SEO plugin v27.5 - https:\/\/yoast.com\/product\/yoast-seo-wordpress\/ -->\n<title>Galeria Szparga\u0142ek w nowym wydaniu. &#171; EKOPORTY SZCZECIN<\/title>\n<meta name=\"robots\" content=\"index, follow, max-snippet:-1, max-image-preview:large, max-video-preview:-1\" \/>\n<link rel=\"canonical\" href=\"https:\/\/ekoporty.szczecin.pl\/?p=46647\" \/>\n<meta property=\"og:locale\" content=\"pl_PL\" \/>\n<meta property=\"og:type\" content=\"article\" \/>\n<meta property=\"og:title\" content=\"Galeria Szparga\u0142ek w nowym wydaniu. &#171; EKOPORTY SZCZECIN\" \/>\n<meta property=\"og:description\" content=\"Mamy przyjemno\u015b\u0107 zaprosi\u0107 Pa\u0144stwa na czerwcow\u0105 edycj\u0119 Galerii Szparga\u0142ek. Wydarzenie odb\u0119dzie si\u0119 28.06.2023 od godziny 10:00 do 17:00. B\u0119dzie to Galeria w nowym wydaniu, w kt\u00f3rym wi\u0119kszo\u015b\u0107 przedmiot\u00f3w zosta\u0142a przeniesiona do du\u017cego gara\u017cu. Od teraz ksi\u0105\u017cki, p\u0142yty CD\/DVD, szk\u0142o, porcelana, akcesoria, zabawki, gry i puzzle znajduj\u0105 si\u0119 w jednym miejscu. Dzi\u0119ki temu mamy i wi\u0119cej &hellip; Czytaj dalej Galeria Szparga\u0142ek w nowym wydaniu.\" \/>\n<meta property=\"og:url\" content=\"https:\/\/ekoporty.szczecin.pl\/?p=46647\" \/>\n<meta property=\"og:site_name\" content=\"EKOPORTY SZCZECIN\" \/>\n<meta property=\"article:published_time\" content=\"2023-06-27T06:24:12+00:00\" \/>\n<meta property=\"article:modified_time\" content=\"2023-06-27T07:23:01+00:00\" \/>\n<meta property=\"og:image\" content=\"https:\/\/ekoporty.szczecin.pl\/wp-content\/uploads\/2022\/02\/IMG_3199-e1687846718678.jpg\" \/>\n\t<meta property=\"og:image:width\" content=\"585\" \/>\n\t<meta property=\"og:image:height\" content=\"390\" \/>\n\t<meta property=\"og:image:type\" content=\"image\/jpeg\" \/>\n<meta name=\"author\" content=\"Karol\" \/>\n<meta name=\"twitter:card\" content=\"summary_large_image\" \/>\n<meta name=\"twitter:label1\" content=\"Napisane przez\" \/>\n\t<meta name=\"twitter:data1\" content=\"Karol\" \/>\n\t<meta name=\"twitter:label2\" content=\"Szacowany czas czytania\" \/>\n\t<meta name=\"twitter:data2\" content=\"1 minuta\" \/>\n<script type=\"application\/ld+json\" class=\"yoast-schema-graph\">{\"@context\":\"https:\\\/\\\/schema.org\",\"@graph\":[{\"@type\":\"Article\",\"@id\":\"https:\\\/\\\/ekoporty.szczecin.pl\\\/?p=46647#article\",\"isPartOf\":{\"@id\":\"https:\\\/\\\/ekoporty.szczecin.pl\\\/?p=46647\"},\"author\":{\"name\":\"Karol\",\"@id\":\"https:\\\/\\\/ekoporty.szczecin.pl\\\/#\\\/schema\\\/person\\\/227a44bf75721f95d393ad3bf7aff444\"},\"headline\":\"Galeria Szparga\u0142ek w nowym wydaniu.\",\"datePublished\":\"2023-06-27T06:24:12+00:00\",\"dateModified\":\"2023-06-27T07:23:01+00:00\",\"mainEntityOfPage\":{\"@id\":\"https:\\\/\\\/ekoporty.szczecin.pl\\\/?p=46647\"},\"wordCount\":133,\"publisher\":{\"@id\":\"https:\\\/\\\/ekoporty.szczecin.pl\\\/#organization\"},\"image\":{\"@id\":\"https:\\\/\\\/ekoporty.szczecin.pl\\\/?p=46647#primaryimage\"},\"thumbnailUrl\":\"https:\\\/\\\/ekoporty.szczecin.pl\\\/wp-content\\\/uploads\\\/2022\\\/02\\\/IMG_3199-e1687846718678.jpg\",\"inLanguage\":\"pl-PL\"},{\"@type\":\"WebPage\",\"@id\":\"https:\\\/\\\/ekoporty.szczecin.pl\\\/?p=46647\",\"url\":\"https:\\\/\\\/ekoporty.szczecin.pl\\\/?p=46647\",\"name\":\"Galeria Szparga\u0142ek w nowym wydaniu. &#171; EKOPORTY SZCZECIN\",\"isPartOf\":{\"@id\":\"https:\\\/\\\/ekoporty.szczecin.pl\\\/#website\"},\"primaryImageOfPage\":{\"@id\":\"https:\\\/\\\/ekoporty.szczecin.pl\\\/?p=46647#primaryimage\"},\"image\":{\"@id\":\"https:\\\/\\\/ekoporty.szczecin.pl\\\/?p=46647#primaryimage\"},\"thumbnailUrl\":\"https:\\\/\\\/ekoporty.szczecin.pl\\\/wp-content\\\/uploads\\\/2022\\\/02\\\/IMG_3199-e1687846718678.jpg\",\"datePublished\":\"2023-06-27T06:24:12+00:00\",\"dateModified\":\"2023-06-27T07:23:01+00:00\",\"breadcrumb\":{\"@id\":\"https:\\\/\\\/ekoporty.szczecin.pl\\\/?p=46647#breadcrumb\"},\"inLanguage\":\"pl-PL\",\"potentialAction\":[{\"@type\":\"ReadAction\",\"target\":[\"https:\\\/\\\/ekoporty.szczecin.pl\\\/?p=46647\"]}]},{\"@type\":\"ImageObject\",\"inLanguage\":\"pl-PL\",\"@id\":\"https:\\\/\\\/ekoporty.szczecin.pl\\\/?p=46647#primaryimage\",\"url\":\"https:\\\/\\\/ekoporty.szczecin.pl\\\/wp-content\\\/uploads\\\/2022\\\/02\\\/IMG_3199-e1687846718678.jpg\",\"contentUrl\":\"https:\\\/\\\/ekoporty.szczecin.pl\\\/wp-content\\\/uploads\\\/2022\\\/02\\\/IMG_3199-e1687846718678.jpg\",\"width\":585,\"height\":390},{\"@type\":\"BreadcrumbList\",\"@id\":\"https:\\\/\\\/ekoporty.szczecin.pl\\\/?p=46647#breadcrumb\",\"itemListElement\":[{\"@type\":\"ListItem\",\"position\":1,\"name\":\"Strona g\u0142\u00f3wna\",\"item\":\"https:\\\/\\\/ekoporty.szczecin.pl\\\/\"},{\"@type\":\"ListItem\",\"position\":2,\"name\":\"Galeria Szparga\u0142ek w nowym wydaniu.\"}]},{\"@type\":\"WebSite\",\"@id\":\"https:\\\/\\\/ekoporty.szczecin.pl\\\/#website\",\"url\":\"https:\\\/\\\/ekoporty.szczecin.pl\\\/\",\"name\":\"Ekoporty\",\"description\":\"ZUK Szczecin - Punkty Selektywnej Zbi\u00f3rki Odpad\u00f3w Komunalnych - Zapraszamy\",\"publisher\":{\"@id\":\"https:\\\/\\\/ekoporty.szczecin.pl\\\/#organization\"},\"potentialAction\":[{\"@type\":\"SearchAction\",\"target\":{\"@type\":\"EntryPoint\",\"urlTemplate\":\"https:\\\/\\\/ekoporty.szczecin.pl\\\/?s={search_term_string}\"},\"query-input\":{\"@type\":\"PropertyValueSpecification\",\"valueRequired\":true,\"valueName\":\"search_term_string\"}}],\"inLanguage\":\"pl-PL\"},{\"@type\":\"Organization\",\"@id\":\"https:\\\/\\\/ekoporty.szczecin.pl\\\/#organization\",\"name\":\"Zak\u0142ad Us\u0142ug Komunalnych Szczecin\",\"url\":\"https:\\\/\\\/ekoporty.szczecin.pl\\\/\",\"logo\":{\"@type\":\"ImageObject\",\"inLanguage\":\"pl-PL\",\"@id\":\"https:\\\/\\\/ekoporty.szczecin.pl\\\/#\\\/schema\\\/logo\\\/image\\\/\",\"url\":\"http:\\\/\\\/ekoporty.szczecin.pl\\\/wp-content\\\/uploads\\\/2018\\\/03\\\/logo5.jpg\",\"contentUrl\":\"http:\\\/\\\/ekoporty.szczecin.pl\\\/wp-content\\\/uploads\\\/2018\\\/03\\\/logo5.jpg\",\"width\":260,\"height\":66,\"caption\":\"Zak\u0142ad Us\u0142ug Komunalnych Szczecin\"},\"image\":{\"@id\":\"https:\\\/\\\/ekoporty.szczecin.pl\\\/#\\\/schema\\\/logo\\\/image\\\/\"}},{\"@type\":\"Person\",\"@id\":\"https:\\\/\\\/ekoporty.szczecin.pl\\\/#\\\/schema\\\/person\\\/227a44bf75721f95d393ad3bf7aff444\",\"name\":\"Karol\",\"image\":{\"@type\":\"ImageObject\",\"inLanguage\":\"pl-PL\",\"@id\":\"https:\\\/\\\/secure.gravatar.com\\\/avatar\\\/0f5b9c196349a42eed98cb7f5c7749512080f111047352f2ec2579a0183e06e1?s=96&d=mm&r=g\",\"url\":\"https:\\\/\\\/secure.gravatar.com\\\/avatar\\\/0f5b9c196349a42eed98cb7f5c7749512080f111047352f2ec2579a0183e06e1?s=96&d=mm&r=g\",\"contentUrl\":\"https:\\\/\\\/secure.gravatar.com\\\/avatar\\\/0f5b9c196349a42eed98cb7f5c7749512080f111047352f2ec2579a0183e06e1?s=96&d=mm&r=g\",\"caption\":\"Karol\"},\"url\":\"https:\\\/\\\/ekoporty.szczecin.pl\\\/?author=7\"}]}<\/script>\n<!-- \/ Yoast SEO plugin. -->","yoast_head_json":{"title":"Galeria Szparga\u0142ek w nowym wydaniu. &#171; EKOPORTY SZCZECIN","robots":{"index":"index","follow":"follow","max-snippet":"max-snippet:-1","max-image-preview":"max-image-preview:large","max-video-preview":"max-video-preview:-1"},"canonical":"https:\/\/ekoporty.szczecin.pl\/?p=46647","og_locale":"pl_PL","og_type":"article","og_title":"Galeria Szparga\u0142ek w nowym wydaniu. &#171; EKOPORTY SZCZECIN","og_description":"Mamy przyjemno\u015b\u0107 zaprosi\u0107 Pa\u0144stwa na czerwcow\u0105 edycj\u0119 Galerii Szparga\u0142ek. Wydarzenie odb\u0119dzie si\u0119 28.06.2023 od godziny 10:00 do 17:00. B\u0119dzie to Galeria w nowym wydaniu, w kt\u00f3rym wi\u0119kszo\u015b\u0107 przedmiot\u00f3w zosta\u0142a przeniesiona do du\u017cego gara\u017cu. Od teraz ksi\u0105\u017cki, p\u0142yty CD\/DVD, szk\u0142o, porcelana, akcesoria, zabawki, gry i puzzle znajduj\u0105 si\u0119 w jednym miejscu. Dzi\u0119ki temu mamy i wi\u0119cej &hellip; Czytaj dalej Galeria Szparga\u0142ek w nowym wydaniu.","og_url":"https:\/\/ekoporty.szczecin.pl\/?p=46647","og_site_name":"EKOPORTY SZCZECIN","article_published_time":"2023-06-27T06:24:12+00:00","article_modified_time":"2023-06-27T07:23:01+00:00","og_image":[{"width":585,"height":390,"url":"https:\/\/ekoporty.szczecin.pl\/wp-content\/uploads\/2022\/02\/IMG_3199-e1687846718678.jpg","type":"image\/jpeg"}],"author":"Karol","twitter_card":"summary_large_image","twitter_misc":{"Napisane przez":"Karol","Szacowany czas czytania":"1 minuta"},"schema":{"@context":"https:\/\/schema.org","@graph":[{"@type":"Article","@id":"https:\/\/ekoporty.szczecin.pl\/?p=46647#article","isPartOf":{"@id":"https:\/\/ekoporty.szczecin.pl\/?p=46647"},"author":{"name":"Karol","@id":"https:\/\/ekoporty.szczecin.pl\/#\/schema\/person\/227a44bf75721f95d393ad3bf7aff444"},"headline":"Galeria Szparga\u0142ek w nowym wydaniu.","datePublished":"2023-06-27T06:24:12+00:00","dateModified":"2023-06-27T07:23:01+00:00","mainEntityOfPage":{"@id":"https:\/\/ekoporty.szczecin.pl\/?p=46647"},"wordCount":133,"publisher":{"@id":"https:\/\/ekoporty.szczecin.pl\/#organization"},"image":{"@id":"https:\/\/ekoporty.szczecin.pl\/?p=46647#primaryimage"},"thumbnailUrl":"https:\/\/ekoporty.szczecin.pl\/wp-content\/uploads\/2022\/02\/IMG_3199-e1687846718678.jpg","inLanguage":"pl-PL"},{"@type":"WebPage","@id":"https:\/\/ekoporty.szczecin.pl\/?p=46647","url":"https:\/\/ekoporty.szczecin.pl\/?p=46647","name":"Galeria Szparga\u0142ek w nowym wydaniu. &#171; EKOPORTY SZCZECIN","isPartOf":{"@id":"https:\/\/ekoporty.szczecin.pl\/#website"},"primaryImageOfPage":{"@id":"https:\/\/ekoporty.szczecin.pl\/?p=46647#primaryimage"},"image":{"@id":"https:\/\/ekoporty.szczecin.pl\/?p=46647#primaryimage"},"thumbnailUrl":"https:\/\/ekoporty.szczecin.pl\/wp-content\/uploads\/2022\/02\/IMG_3199-e1687846718678.jpg","datePublished":"2023-06-27T06:24:12+00:00","dateModified":"2023-06-27T07:23:01+00:00","breadcrumb":{"@id":"https:\/\/ekoporty.szczecin.pl\/?p=46647#breadcrumb"},"inLanguage":"pl-PL","potentialAction":[{"@type":"ReadAction","target":["https:\/\/ekoporty.szczecin.pl\/?p=46647"]}]},{"@type":"ImageObject","inLanguage":"pl-PL","@id":"https:\/\/ekoporty.szczecin.pl\/?p=46647#primaryimage","url":"https:\/\/ekoporty.szczecin.pl\/wp-content\/uploads\/2022\/02\/IMG_3199-e1687846718678.jpg","contentUrl":"https:\/\/ekoporty.szczecin.pl\/wp-content\/uploads\/2022\/02\/IMG_3199-e1687846718678.jpg","width":585,"height":390},{"@type":"BreadcrumbList","@id":"https:\/\/ekoporty.szczecin.pl\/?p=46647#breadcrumb","itemListElement":[{"@type":"ListItem","position":1,"name":"Strona g\u0142\u00f3wna","item":"https:\/\/ekoporty.szczecin.pl\/"},{"@type":"ListItem","position":2,"name":"Galeria Szparga\u0142ek w nowym wydaniu."}]},{"@type":"WebSite","@id":"https:\/\/ekoporty.szczecin.pl\/#website","url":"https:\/\/ekoporty.szczecin.pl\/","name":"Ekoporty","description":"ZUK Szczecin - Punkty Selektywnej Zbi\u00f3rki Odpad\u00f3w Komunalnych - Zapraszamy","publisher":{"@id":"https:\/\/ekoporty.szczecin.pl\/#organization"},"potentialAction":[{"@type":"SearchAction","target":{"@type":"EntryPoint","urlTemplate":"https:\/\/ekoporty.szczecin.pl\/?s={search_term_string}"},"query-input":{"@type":"PropertyValueSpecification","valueRequired":true,"valueName":"search_term_string"}}],"inLanguage":"pl-PL"},{"@type":"Organization","@id":"https:\/\/ekoporty.szczecin.pl\/#organization","name":"Zak\u0142ad Us\u0142ug Komunalnych Szczecin","url":"https:\/\/ekoporty.szczecin.pl\/","logo":{"@type":"ImageObject","inLanguage":"pl-PL","@id":"https:\/\/ekoporty.szczecin.pl\/#\/schema\/logo\/image\/","url":"http:\/\/ekoporty.szczecin.pl\/wp-content\/uploads\/2018\/03\/logo5.jpg","contentUrl":"http:\/\/ekoporty.szczecin.pl\/wp-content\/uploads\/2018\/03\/logo5.jpg","width":260,"height":66,"caption":"Zak\u0142ad Us\u0142ug Komunalnych Szczecin"},"image":{"@id":"https:\/\/ekoporty.szczecin.pl\/#\/schema\/logo\/image\/"}},{"@type":"Person","@id":"https:\/\/ekoporty.szczecin.pl\/#\/schema\/person\/227a44bf75721f95d393ad3bf7aff444","name":"Karol","image":{"@type":"ImageObject","inLanguage":"pl-PL","@id":"https:\/\/secure.gravatar.com\/avatar\/0f5b9c196349a42eed98cb7f5c7749512080f111047352f2ec2579a0183e06e1?s=96&d=mm&r=g","url":"https:\/\/secure.gravatar.com\/avatar\/0f5b9c196349a42eed98cb7f5c7749512080f111047352f2ec2579a0183e06e1?s=96&d=mm&r=g","contentUrl":"https:\/\/secure.gravatar.com\/avatar\/0f5b9c196349a42eed98cb7f5c7749512080f111047352f2ec2579a0183e06e1?s=96&d=mm&r=g","caption":"Karol"},"url":"https:\/\/ekoporty.szczecin.pl\/?author=7"}]}},"jetpack_publicize_connections":[],"jetpack_featured_media_url":"https:\/\/ekoporty.szczecin.pl\/wp-content\/uploads\/2022\/02\/IMG_3199-e1687846718678.jpg","jetpack_sharing_enabled":true,"jetpack_shortlink":"https:\/\/wp.me\/p8ZWwp-c8n","_links":{"self":[{"href":"https:\/\/ekoporty.szczecin.pl\/index.php?rest_route=\/wp\/v2\/posts\/46647","targetHints":{"allow":["GET"]}}],"collection":[{"href":"https:\/\/ekoporty.szczecin.pl\/index.php?rest_route=\/wp\/v2\/posts"}],"about":[{"href":"https:\/\/ekoporty.szczecin.pl\/index.php?rest_route=\/wp\/v2\/types\/post"}],"author":[{"embeddable":true,"href":"https:\/\/ekoporty.szczecin.pl\/index.php?rest_route=\/wp\/v2\/users\/7"}],"replies":[{"embeddable":true,"href":"https:\/\/ekoporty.szczecin.pl\/index.php?rest_route=%2Fwp%2Fv2%2Fcomments&post=46647"}],"version-history":[{"count":2,"href":"https:\/\/ekoporty.szczecin.pl\/index.php?rest_route=\/wp\/v2\/posts\/46647\/revisions"}],"predecessor-version":[{"id":46649,"href":"https:\/\/ekoporty.szczecin.pl\/index.php?rest_route=\/wp\/v2\/posts\/46647\/revisions\/46649"}],"wp:featuredmedia":[{"embeddable":true,"href":"https:\/\/ekoporty.szczecin.pl\/index.php?rest_route=\/wp\/v2\/media\/46590"}],"wp:attachment":[{"href":"https:\/\/ekoporty.szczecin.pl\/index.php?rest_route=%2Fwp%2Fv2%2Fmedia&parent=46647"}],"wp:term":[{"taxonomy":"category","embeddable":true,"href":"https:\/\/ekoporty.szczecin.pl\/index.php?rest_route=%2Fwp%2Fv2%2Fcategories&post=46647"},{"taxonomy":"post_tag","embeddable":true,"href":"https:\/\/ekoporty.szczecin.pl\/index.php?rest_route=%2Fwp%2Fv2%2Ftags&post=46647"}],"curies":[{"name":"wp","href":"https:\/\/api.w.org\/{rel}","templated":true}]}}