{"id":9316,"date":"2018-06-29T10:29:15","date_gmt":"2018-06-29T08:29:15","guid":{"rendered":"http:\/\/ekoporty.szczecin.pl\/?p=9316"},"modified":"2018-06-30T09:13:47","modified_gmt":"2018-06-30T07:13:47","slug":"podsumowanie-dzialalnosci-galerii-szpargalek","status":"publish","type":"post","link":"https:\/\/ekoporty.szczecin.pl\/?p=9316","title":{"rendered":"Podsumowanie dzia\u0142alno\u015bci Galerii Szparga\u0142ek"},"content":{"rendered":"<p><strong>Czas na podzi\u0119kowania dla wszystkich Darczy\u0144c\u00f3w i przedwakacyjne podsumowania z dzia\u0142alno\u015bci Galerii Szparga\u0142ek.<\/strong><\/p>\n<p><!--more--><\/p>\n<p style=\"text-align: justify;\">Chcieliby\u015bmy bardzo serdecznie podzi\u0119kowa\u0107 wszystkim, kt\u00f3rzy odwiedzali nasz\u0105 Galeri\u0119 Szparga\u0142ek w okresie od lutego do czerwca br. \u00a0Grono naszych Darczy\u0144c\u00f3w stale si\u0119 powi\u0119ksza. Naszego \u201eSzparga\u0142ka\u201d odwiedzi\u0142o ju\u017c ponad dwa tysi\u0105ce os\u00f3b. Przedwczorajsza, dziesi\u0105ta edycja Galerii by\u0142a rekordowa pod wzgl\u0119dem dokonanych wp\u0142at na sum\u0119 5059 z\u0142.<\/p>\n<p style=\"text-align: justify;\">Niekt\u00f3rzy z Pa\u0144stwa byli z nami od samego pocz\u0105tku, niekt\u00f3rzy do\u0142\u0105czali, kiedy o dzia\u0142alno\u015bci Galerii zacz\u0119\u0142o robi\u0107 si\u0119 g\u0142o\u015bno. Ro\u015bnie tak\u017ce grono naszych beneficjent\u00f3w, lista wsp\u00f3\u0142pracuj\u0105cych organizacji si\u0119 wyd\u0142u\u017ca. Na t\u0105 chwil\u0119 wsp\u00f3\u0142pracuje z nami 13 Organizacji Po\u017cytku Publicznego. Dzi\u0119ki temu mamy sposobno\u015b\u0107 i niebywa\u0142\u0105 przyjemno\u015b\u0107 poznawania wolontariuszy, kt\u00f3rzy na co dzie\u0144 pracuj\u0105 pro publiko bono na rzecz tych organizacji.\u00a0 Przedmioty, kt\u00f3re wolontariusze wybior\u0105 sobie z Galerii, s\u0105 naszym uk\u0142onem i symbolicznym podzi\u0119kowaniem za ich ci\u0119\u017ck\u0105 prac\u0119.<\/p>\n<p style=\"text-align: justify;\">Dzia\u0142alno\u015b\u0107 i sukces Galerii to nasze wsp\u00f3lne dzie\u0142o. My pracownicy Galerii i Ekoport\u00f3w z wielkim zaanga\u017cowaniem i sercem selekcjonowali\u015bmy i przygotowywali\u015bmy przedmioty, kt\u00f3re dzi\u0119ki Pa\u0144stwu otrzyma\u0142y drugie \u017cycie. \u00a0To aspekt bardzo wa\u017cny, ekologiczny, \u015bwiadomej konsumpcji i potrzeby korzystania z przedmiot\u00f3w jak najd\u0142u\u017cej jest to mo\u017cliwe. Z drugiej strony w trakcie 10 edycji Galerii zasilili\u015bcie Pa\u0144stwo konta wybranych przez siebie organizacji kwot\u0105 a\u017c <strong>35\u00a0271<\/strong> z\u0142otych. Nikt z nas nie spodziewa\u0142 si\u0119 a\u017c takiego rezultatu.<\/p>\n<p style=\"text-align: justify;\">Do tej warto\u015bci doliczy\u0107 nale\u017cy jeszcze doch\u00f3d, jaki dzi\u0119ki przedmiotom z Galerii uda\u0142o si\u0119 uzyska\u0107 Stowarzyszeniu Przyjaci\u00f3\u0142 Duszpasterstwa Akademickiego \u201eRazem\u201d podczas imprezy w dniu 10 czerwca. By\u0142a to impreza zorganizowana na potrzeby \u015awietlicy \u201ePromyczek\u201d i \u015bwietlicy \u201eBaza\u201d, a my mogli\u015bmy udzieli\u0107 pomocy celowej i przekaza\u0107 przedmioty u\u017cytkowe z Galerii, na podstawie porozumienia o wsp\u00f3\u0142pracy ze stowarzyszeniem W razie potrzeby nasza Galeria b\u0119dzie wychodzi\u0107 z pomoc\u0105 na zewn\u0105trz lub na rzecz konkretnej inicjatywy lub beneficjenta. W ten spos\u00f3b pomagamy potrzebuj\u0105cym w okre\u015blonym celu.<\/p>\n<p style=\"text-align: justify;\">Przypominamy, \u017ce cho\u0107 w okresie lipca Galeria ma wakacyjn\u0105 przerw\u0119, to nasz Katalog Produkt\u00f3w b\u0119dzie aktualizowany o nowe pozycje. \u00a0Zapraszamy do odwiedzania naszej strony i zapoznawania si\u0119 z asortymentem, kt\u00f3ry b\u0119dzie czeka\u0142 na Pa\u0144stwa w kolejnej edycji w dniu 08 sierpnia od godziny 11.00.<\/p>\n<p style=\"text-align: justify;\">Jeszcze raz serdecznie dzi\u0119kujemy wszystkim Darczy\u0144com i Wolontariuszom czekamy na Was po lipcowej przerwie.<\/p>\n","protected":false},"excerpt":{"rendered":"<p>Czas na podzi\u0119kowania dla wszystkich Darczy\u0144c\u00f3w i przedwakacyjne podsumowania z dzia\u0142alno\u015bci Galerii Szparga\u0142ek.<\/p>\n","protected":false},"author":7,"featured_media":9359,"comment_status":"closed","ping_status":"closed","sticky":false,"template":"","format":"standard","meta":{"_jetpack_memberships_contains_paid_content":false,"footnotes":"","jetpack_publicize_message":"","jetpack_publicize_feature_enabled":true,"jetpack_social_post_already_shared":false,"jetpack_social_options":{"image_generator_settings":{"template":"highway","default_image_id":0,"font":"","enabled":false},"version":2}},"categories":[1],"tags":[],"class_list":["post-9316","post","type-post","status-publish","format-standard","has-post-thumbnail","hentry","category-bez-kategorii"],"yoast_head":"<!-- This site is optimized with the Yoast SEO plugin v27.5 - https:\/\/yoast.com\/product\/yoast-seo-wordpress\/ -->\n<title>Podsumowanie dzia\u0142alno\u015bci Galerii Szparga\u0142ek &#171; EKOPORTY SZCZECIN<\/title>\n<meta name=\"robots\" content=\"index, follow, max-snippet:-1, max-image-preview:large, max-video-preview:-1\" \/>\n<link rel=\"canonical\" href=\"https:\/\/ekoporty.szczecin.pl\/?p=9316\" \/>\n<meta property=\"og:locale\" content=\"pl_PL\" \/>\n<meta property=\"og:type\" content=\"article\" \/>\n<meta property=\"og:title\" content=\"Podsumowanie dzia\u0142alno\u015bci Galerii Szparga\u0142ek &#171; EKOPORTY SZCZECIN\" \/>\n<meta property=\"og:description\" content=\"Czas na podzi\u0119kowania dla wszystkich Darczy\u0144c\u00f3w i przedwakacyjne podsumowania z dzia\u0142alno\u015bci Galerii Szparga\u0142ek.\" \/>\n<meta property=\"og:url\" content=\"https:\/\/ekoporty.szczecin.pl\/?p=9316\" \/>\n<meta property=\"og:site_name\" content=\"EKOPORTY SZCZECIN\" \/>\n<meta property=\"article:published_time\" content=\"2018-06-29T08:29:15+00:00\" \/>\n<meta property=\"article:modified_time\" content=\"2018-06-30T07:13:47+00:00\" \/>\n<meta property=\"og:image\" content=\"https:\/\/ekoporty.szczecin.pl\/wp-content\/uploads\/2018\/06\/20180221_113002_1600x900.jpg\" \/>\n\t<meta property=\"og:image:width\" content=\"1600\" \/>\n\t<meta property=\"og:image:height\" content=\"900\" \/>\n\t<meta property=\"og:image:type\" content=\"image\/jpeg\" \/>\n<meta name=\"author\" content=\"Karol\" \/>\n<meta name=\"twitter:card\" content=\"summary_large_image\" \/>\n<meta name=\"twitter:label1\" content=\"Napisane przez\" \/>\n\t<meta name=\"twitter:data1\" content=\"Karol\" \/>\n\t<meta name=\"twitter:label2\" content=\"Szacowany czas czytania\" \/>\n\t<meta name=\"twitter:data2\" content=\"2 minuty\" \/>\n<script type=\"application\/ld+json\" class=\"yoast-schema-graph\">{\"@context\":\"https:\\\/\\\/schema.org\",\"@graph\":[{\"@type\":\"Article\",\"@id\":\"https:\\\/\\\/ekoporty.szczecin.pl\\\/?p=9316#article\",\"isPartOf\":{\"@id\":\"https:\\\/\\\/ekoporty.szczecin.pl\\\/?p=9316\"},\"author\":{\"name\":\"Karol\",\"@id\":\"https:\\\/\\\/ekoporty.szczecin.pl\\\/#\\\/schema\\\/person\\\/227a44bf75721f95d393ad3bf7aff444\"},\"headline\":\"Podsumowanie dzia\u0142alno\u015bci Galerii Szparga\u0142ek\",\"datePublished\":\"2018-06-29T08:29:15+00:00\",\"dateModified\":\"2018-06-30T07:13:47+00:00\",\"mainEntityOfPage\":{\"@id\":\"https:\\\/\\\/ekoporty.szczecin.pl\\\/?p=9316\"},\"wordCount\":434,\"publisher\":{\"@id\":\"https:\\\/\\\/ekoporty.szczecin.pl\\\/#organization\"},\"image\":{\"@id\":\"https:\\\/\\\/ekoporty.szczecin.pl\\\/?p=9316#primaryimage\"},\"thumbnailUrl\":\"https:\\\/\\\/ekoporty.szczecin.pl\\\/wp-content\\\/uploads\\\/2018\\\/06\\\/20180221_113002_1600x900.jpg\",\"inLanguage\":\"pl-PL\"},{\"@type\":\"WebPage\",\"@id\":\"https:\\\/\\\/ekoporty.szczecin.pl\\\/?p=9316\",\"url\":\"https:\\\/\\\/ekoporty.szczecin.pl\\\/?p=9316\",\"name\":\"Podsumowanie dzia\u0142alno\u015bci Galerii Szparga\u0142ek &#171; EKOPORTY SZCZECIN\",\"isPartOf\":{\"@id\":\"https:\\\/\\\/ekoporty.szczecin.pl\\\/#website\"},\"primaryImageOfPage\":{\"@id\":\"https:\\\/\\\/ekoporty.szczecin.pl\\\/?p=9316#primaryimage\"},\"image\":{\"@id\":\"https:\\\/\\\/ekoporty.szczecin.pl\\\/?p=9316#primaryimage\"},\"thumbnailUrl\":\"https:\\\/\\\/ekoporty.szczecin.pl\\\/wp-content\\\/uploads\\\/2018\\\/06\\\/20180221_113002_1600x900.jpg\",\"datePublished\":\"2018-06-29T08:29:15+00:00\",\"dateModified\":\"2018-06-30T07:13:47+00:00\",\"breadcrumb\":{\"@id\":\"https:\\\/\\\/ekoporty.szczecin.pl\\\/?p=9316#breadcrumb\"},\"inLanguage\":\"pl-PL\",\"potentialAction\":[{\"@type\":\"ReadAction\",\"target\":[\"https:\\\/\\\/ekoporty.szczecin.pl\\\/?p=9316\"]}]},{\"@type\":\"ImageObject\",\"inLanguage\":\"pl-PL\",\"@id\":\"https:\\\/\\\/ekoporty.szczecin.pl\\\/?p=9316#primaryimage\",\"url\":\"https:\\\/\\\/ekoporty.szczecin.pl\\\/wp-content\\\/uploads\\\/2018\\\/06\\\/20180221_113002_1600x900.jpg\",\"contentUrl\":\"https:\\\/\\\/ekoporty.szczecin.pl\\\/wp-content\\\/uploads\\\/2018\\\/06\\\/20180221_113002_1600x900.jpg\",\"width\":1600,\"height\":900},{\"@type\":\"BreadcrumbList\",\"@id\":\"https:\\\/\\\/ekoporty.szczecin.pl\\\/?p=9316#breadcrumb\",\"itemListElement\":[{\"@type\":\"ListItem\",\"position\":1,\"name\":\"Strona g\u0142\u00f3wna\",\"item\":\"https:\\\/\\\/ekoporty.szczecin.pl\\\/\"},{\"@type\":\"ListItem\",\"position\":2,\"name\":\"Podsumowanie dzia\u0142alno\u015bci Galerii Szparga\u0142ek\"}]},{\"@type\":\"WebSite\",\"@id\":\"https:\\\/\\\/ekoporty.szczecin.pl\\\/#website\",\"url\":\"https:\\\/\\\/ekoporty.szczecin.pl\\\/\",\"name\":\"Ekoporty\",\"description\":\"ZUK Szczecin - Punkty Selektywnej Zbi\u00f3rki Odpad\u00f3w Komunalnych - Zapraszamy\",\"publisher\":{\"@id\":\"https:\\\/\\\/ekoporty.szczecin.pl\\\/#organization\"},\"potentialAction\":[{\"@type\":\"SearchAction\",\"target\":{\"@type\":\"EntryPoint\",\"urlTemplate\":\"https:\\\/\\\/ekoporty.szczecin.pl\\\/?s={search_term_string}\"},\"query-input\":{\"@type\":\"PropertyValueSpecification\",\"valueRequired\":true,\"valueName\":\"search_term_string\"}}],\"inLanguage\":\"pl-PL\"},{\"@type\":\"Organization\",\"@id\":\"https:\\\/\\\/ekoporty.szczecin.pl\\\/#organization\",\"name\":\"Zak\u0142ad Us\u0142ug Komunalnych Szczecin\",\"url\":\"https:\\\/\\\/ekoporty.szczecin.pl\\\/\",\"logo\":{\"@type\":\"ImageObject\",\"inLanguage\":\"pl-PL\",\"@id\":\"https:\\\/\\\/ekoporty.szczecin.pl\\\/#\\\/schema\\\/logo\\\/image\\\/\",\"url\":\"http:\\\/\\\/ekoporty.szczecin.pl\\\/wp-content\\\/uploads\\\/2018\\\/03\\\/logo5.jpg\",\"contentUrl\":\"http:\\\/\\\/ekoporty.szczecin.pl\\\/wp-content\\\/uploads\\\/2018\\\/03\\\/logo5.jpg\",\"width\":260,\"height\":66,\"caption\":\"Zak\u0142ad Us\u0142ug Komunalnych Szczecin\"},\"image\":{\"@id\":\"https:\\\/\\\/ekoporty.szczecin.pl\\\/#\\\/schema\\\/logo\\\/image\\\/\"}},{\"@type\":\"Person\",\"@id\":\"https:\\\/\\\/ekoporty.szczecin.pl\\\/#\\\/schema\\\/person\\\/227a44bf75721f95d393ad3bf7aff444\",\"name\":\"Karol\",\"image\":{\"@type\":\"ImageObject\",\"inLanguage\":\"pl-PL\",\"@id\":\"https:\\\/\\\/secure.gravatar.com\\\/avatar\\\/0f5b9c196349a42eed98cb7f5c7749512080f111047352f2ec2579a0183e06e1?s=96&d=mm&r=g\",\"url\":\"https:\\\/\\\/secure.gravatar.com\\\/avatar\\\/0f5b9c196349a42eed98cb7f5c7749512080f111047352f2ec2579a0183e06e1?s=96&d=mm&r=g\",\"contentUrl\":\"https:\\\/\\\/secure.gravatar.com\\\/avatar\\\/0f5b9c196349a42eed98cb7f5c7749512080f111047352f2ec2579a0183e06e1?s=96&d=mm&r=g\",\"caption\":\"Karol\"},\"url\":\"https:\\\/\\\/ekoporty.szczecin.pl\\\/?author=7\"}]}<\/script>\n<!-- \/ Yoast SEO plugin. -->","yoast_head_json":{"title":"Podsumowanie dzia\u0142alno\u015bci Galerii Szparga\u0142ek &#171; EKOPORTY SZCZECIN","robots":{"index":"index","follow":"follow","max-snippet":"max-snippet:-1","max-image-preview":"max-image-preview:large","max-video-preview":"max-video-preview:-1"},"canonical":"https:\/\/ekoporty.szczecin.pl\/?p=9316","og_locale":"pl_PL","og_type":"article","og_title":"Podsumowanie dzia\u0142alno\u015bci Galerii Szparga\u0142ek &#171; EKOPORTY SZCZECIN","og_description":"Czas na podzi\u0119kowania dla wszystkich Darczy\u0144c\u00f3w i przedwakacyjne podsumowania z dzia\u0142alno\u015bci Galerii Szparga\u0142ek.","og_url":"https:\/\/ekoporty.szczecin.pl\/?p=9316","og_site_name":"EKOPORTY SZCZECIN","article_published_time":"2018-06-29T08:29:15+00:00","article_modified_time":"2018-06-30T07:13:47+00:00","og_image":[{"width":1600,"height":900,"url":"https:\/\/ekoporty.szczecin.pl\/wp-content\/uploads\/2018\/06\/20180221_113002_1600x900.jpg","type":"image\/jpeg"}],"author":"Karol","twitter_card":"summary_large_image","twitter_misc":{"Napisane przez":"Karol","Szacowany czas czytania":"2 minuty"},"schema":{"@context":"https:\/\/schema.org","@graph":[{"@type":"Article","@id":"https:\/\/ekoporty.szczecin.pl\/?p=9316#article","isPartOf":{"@id":"https:\/\/ekoporty.szczecin.pl\/?p=9316"},"author":{"name":"Karol","@id":"https:\/\/ekoporty.szczecin.pl\/#\/schema\/person\/227a44bf75721f95d393ad3bf7aff444"},"headline":"Podsumowanie dzia\u0142alno\u015bci Galerii Szparga\u0142ek","datePublished":"2018-06-29T08:29:15+00:00","dateModified":"2018-06-30T07:13:47+00:00","mainEntityOfPage":{"@id":"https:\/\/ekoporty.szczecin.pl\/?p=9316"},"wordCount":434,"publisher":{"@id":"https:\/\/ekoporty.szczecin.pl\/#organization"},"image":{"@id":"https:\/\/ekoporty.szczecin.pl\/?p=9316#primaryimage"},"thumbnailUrl":"https:\/\/ekoporty.szczecin.pl\/wp-content\/uploads\/2018\/06\/20180221_113002_1600x900.jpg","inLanguage":"pl-PL"},{"@type":"WebPage","@id":"https:\/\/ekoporty.szczecin.pl\/?p=9316","url":"https:\/\/ekoporty.szczecin.pl\/?p=9316","name":"Podsumowanie dzia\u0142alno\u015bci Galerii Szparga\u0142ek &#171; EKOPORTY SZCZECIN","isPartOf":{"@id":"https:\/\/ekoporty.szczecin.pl\/#website"},"primaryImageOfPage":{"@id":"https:\/\/ekoporty.szczecin.pl\/?p=9316#primaryimage"},"image":{"@id":"https:\/\/ekoporty.szczecin.pl\/?p=9316#primaryimage"},"thumbnailUrl":"https:\/\/ekoporty.szczecin.pl\/wp-content\/uploads\/2018\/06\/20180221_113002_1600x900.jpg","datePublished":"2018-06-29T08:29:15+00:00","dateModified":"2018-06-30T07:13:47+00:00","breadcrumb":{"@id":"https:\/\/ekoporty.szczecin.pl\/?p=9316#breadcrumb"},"inLanguage":"pl-PL","potentialAction":[{"@type":"ReadAction","target":["https:\/\/ekoporty.szczecin.pl\/?p=9316"]}]},{"@type":"ImageObject","inLanguage":"pl-PL","@id":"https:\/\/ekoporty.szczecin.pl\/?p=9316#primaryimage","url":"https:\/\/ekoporty.szczecin.pl\/wp-content\/uploads\/2018\/06\/20180221_113002_1600x900.jpg","contentUrl":"https:\/\/ekoporty.szczecin.pl\/wp-content\/uploads\/2018\/06\/20180221_113002_1600x900.jpg","width":1600,"height":900},{"@type":"BreadcrumbList","@id":"https:\/\/ekoporty.szczecin.pl\/?p=9316#breadcrumb","itemListElement":[{"@type":"ListItem","position":1,"name":"Strona g\u0142\u00f3wna","item":"https:\/\/ekoporty.szczecin.pl\/"},{"@type":"ListItem","position":2,"name":"Podsumowanie dzia\u0142alno\u015bci Galerii Szparga\u0142ek"}]},{"@type":"WebSite","@id":"https:\/\/ekoporty.szczecin.pl\/#website","url":"https:\/\/ekoporty.szczecin.pl\/","name":"Ekoporty","description":"ZUK Szczecin - Punkty Selektywnej Zbi\u00f3rki Odpad\u00f3w Komunalnych - Zapraszamy","publisher":{"@id":"https:\/\/ekoporty.szczecin.pl\/#organization"},"potentialAction":[{"@type":"SearchAction","target":{"@type":"EntryPoint","urlTemplate":"https:\/\/ekoporty.szczecin.pl\/?s={search_term_string}"},"query-input":{"@type":"PropertyValueSpecification","valueRequired":true,"valueName":"search_term_string"}}],"inLanguage":"pl-PL"},{"@type":"Organization","@id":"https:\/\/ekoporty.szczecin.pl\/#organization","name":"Zak\u0142ad Us\u0142ug Komunalnych Szczecin","url":"https:\/\/ekoporty.szczecin.pl\/","logo":{"@type":"ImageObject","inLanguage":"pl-PL","@id":"https:\/\/ekoporty.szczecin.pl\/#\/schema\/logo\/image\/","url":"http:\/\/ekoporty.szczecin.pl\/wp-content\/uploads\/2018\/03\/logo5.jpg","contentUrl":"http:\/\/ekoporty.szczecin.pl\/wp-content\/uploads\/2018\/03\/logo5.jpg","width":260,"height":66,"caption":"Zak\u0142ad Us\u0142ug Komunalnych Szczecin"},"image":{"@id":"https:\/\/ekoporty.szczecin.pl\/#\/schema\/logo\/image\/"}},{"@type":"Person","@id":"https:\/\/ekoporty.szczecin.pl\/#\/schema\/person\/227a44bf75721f95d393ad3bf7aff444","name":"Karol","image":{"@type":"ImageObject","inLanguage":"pl-PL","@id":"https:\/\/secure.gravatar.com\/avatar\/0f5b9c196349a42eed98cb7f5c7749512080f111047352f2ec2579a0183e06e1?s=96&d=mm&r=g","url":"https:\/\/secure.gravatar.com\/avatar\/0f5b9c196349a42eed98cb7f5c7749512080f111047352f2ec2579a0183e06e1?s=96&d=mm&r=g","contentUrl":"https:\/\/secure.gravatar.com\/avatar\/0f5b9c196349a42eed98cb7f5c7749512080f111047352f2ec2579a0183e06e1?s=96&d=mm&r=g","caption":"Karol"},"url":"https:\/\/ekoporty.szczecin.pl\/?author=7"}]}},"jetpack_publicize_connections":[],"jetpack_featured_media_url":"https:\/\/ekoporty.szczecin.pl\/wp-content\/uploads\/2018\/06\/20180221_113002_1600x900.jpg","jetpack_sharing_enabled":true,"jetpack_shortlink":"https:\/\/wp.me\/p8ZWwp-2qg","_links":{"self":[{"href":"https:\/\/ekoporty.szczecin.pl\/index.php?rest_route=\/wp\/v2\/posts\/9316","targetHints":{"allow":["GET"]}}],"collection":[{"href":"https:\/\/ekoporty.szczecin.pl\/index.php?rest_route=\/wp\/v2\/posts"}],"about":[{"href":"https:\/\/ekoporty.szczecin.pl\/index.php?rest_route=\/wp\/v2\/types\/post"}],"author":[{"embeddable":true,"href":"https:\/\/ekoporty.szczecin.pl\/index.php?rest_route=\/wp\/v2\/users\/7"}],"replies":[{"embeddable":true,"href":"https:\/\/ekoporty.szczecin.pl\/index.php?rest_route=%2Fwp%2Fv2%2Fcomments&post=9316"}],"version-history":[{"count":6,"href":"https:\/\/ekoporty.szczecin.pl\/index.php?rest_route=\/wp\/v2\/posts\/9316\/revisions"}],"predecessor-version":[{"id":9388,"href":"https:\/\/ekoporty.szczecin.pl\/index.php?rest_route=\/wp\/v2\/posts\/9316\/revisions\/9388"}],"wp:featuredmedia":[{"embeddable":true,"href":"https:\/\/ekoporty.szczecin.pl\/index.php?rest_route=\/wp\/v2\/media\/9359"}],"wp:attachment":[{"href":"https:\/\/ekoporty.szczecin.pl\/index.php?rest_route=%2Fwp%2Fv2%2Fmedia&parent=9316"}],"wp:term":[{"taxonomy":"category","embeddable":true,"href":"https:\/\/ekoporty.szczecin.pl\/index.php?rest_route=%2Fwp%2Fv2%2Fcategories&post=9316"},{"taxonomy":"post_tag","embeddable":true,"href":"https:\/\/ekoporty.szczecin.pl\/index.php?rest_route=%2Fwp%2Fv2%2Ftags&post=9316"}],"curies":[{"name":"wp","href":"https:\/\/api.w.org\/{rel}","templated":true}]}}